{"id":198487,"date":"2020-09-29T11:53:55","date_gmt":"2020-09-29T14:53:55","guid":{"rendered":"https:\/\/www.redenoticia.com.br\/noticia\/?p=198487"},"modified":"2020-09-29T11:53:55","modified_gmt":"2020-09-29T14:53:55","slug":"resumo-chiquititas-30-09-as-chiquititas-descobrem-que-roubaram-a-mascote-pipoca","status":"publish","type":"post","link":"https:\/\/migracao.redenoticia.com.br\/noticia\/2020\/resumo-chiquititas-30-09-as-chiquititas-descobrem-que-roubaram-a-mascote-pipoca\/198487","title":{"rendered":"Resumo \u201cChiquititas\u201d 30\/09: As chiquititas descobrem que roubaram a mascote Pipoca"},"content":{"rendered":"<p><img loading=\"lazy\" decoding=\"async\" class=\"aligncenter size-full wp-image-195897\" src=\"https:\/\/migracao.redenoticia.com.br\/noticia\/imagens\/chiquititas-resumo-sinopse.jpg\" alt=\"\" width=\"1280\" height=\"720\" srcset=\"https:\/\/migracao.redenoticia.com.br\/noticia\/imagens\/chiquititas-resumo-sinopse.jpg 1280w, https:\/\/migracao.redenoticia.com.br\/noticia\/imagens\/chiquititas-resumo-sinopse-250x140.jpg 250w, https:\/\/migracao.redenoticia.com.br\/noticia\/imagens\/chiquititas-resumo-sinopse-400x225.jpg 400w, https:\/\/migracao.redenoticia.com.br\/noticia\/imagens\/chiquititas-resumo-sinopse-768x432.jpg 768w, https:\/\/migracao.redenoticia.com.br\/noticia\/imagens\/chiquititas-resumo-sinopse-150x85.jpg 150w, https:\/\/migracao.redenoticia.com.br\/noticia\/imagens\/chiquititas-resumo-sinopse-696x392.jpg 696w, https:\/\/migracao.redenoticia.com.br\/noticia\/imagens\/chiquititas-resumo-sinopse-1068x601.jpg 1068w\" sizes=\"auto, (max-width: 1280px) 100vw, 1280px\" \/><\/p>\n<p><strong><em>Resumo da novela \u201cChiquititas\u201d<\/em><\/strong> em 30\/09: no cap\u00edtulo 066(*) da novela, Rafa conversa com Cris e diz que ela precisa ficar bem. O chiquitito fala que ela \u00e9 bonita, inteligente e que logo um novo menino vai gostar dela. Cris fica mais animada e agradece o apoio do amigo. No apartamento de Cintia, Armando leva v\u00e1rios cachorros para tentar substituir Pipoca, mas nenhuma \u00e9 parecida. Mosca e Vivi se beijam novamente no parque. Armando diz para Cintia que desistiu de procurar a cachorra. Cintia chama Armando de incompetente e diz que o plano dela estava dando todo certo, mas que agora vai ter que falar para crian\u00e7as que perdeu a cachorra chata que elas tanto gostam. Eduarda faz uma roupa improvisada para Pipoca com a ajuda de Shirley. Vivi e Mosca voltam ao orfanato. As meninas v\u00e3o para o quarto e Mosca chama os meninos para fazer o mesmo. Cris fica sozinha na sala. Vivi diz para as meninas que n\u00e3o sabia o que fazer direito e que no come\u00e7o foi estranho, mas depois ficou muito legal. Mosca conta para os meninos que o beijo foi muito bom.<\/p>\n<p>Cintia vai ao orfanato e conta que roubaram a mascote Pipoca. Duda recebe liga\u00e7\u00e3o da m\u00e3e dizendo que ela vai morar alguns meses na B\u00e9lgica e quer que ele tamb\u00e9m v\u00e1 para l\u00e1. O menino fica triste, mas Carmen comemora. No apartamento, Eduarda apresenta a cachorra nova para Maria Cec\u00edlia, que alerta a m\u00e3e que d\u00e1 muito trabalho ter um cachorro. Maria Cec\u00edlia surta ao perceber que a roupa que a cachorra est\u00e1 vestindo foi feita com o tecido de seu vestido. No orfanato, Cris anuncia na internet que Pipoca est\u00e1 desaparecida. Let\u00edcia est\u00e1 chateada com a filha. Carol tenta aconselhar Dani a pedir desculpa para a m\u00e3e e para o cr\u00edtico Rui Salgado. Dani vai ao quarto da m\u00e3e e pede desculpa por ter se comportado mal. Let\u00edcia fica mais aliviada e abra\u00e7a a filha. Dani diz que quer que ela tamb\u00e9m tenha amigos para poder v\u00ea-la sempre sorridente. No dia seguinte, Rui Salgado vai at\u00e9 a casa delas e Dani pede desculpa. Carmen v\u00ea que os desenhos de Gabi est\u00e3o mais firmes e amea\u00e7a fazer algo para barrar a melhora do bloqueio psicol\u00f3gico da mulher.<\/p>\n<p>(*) edi\u00e7\u00e3o das novelas do SBT, \u201cChiquititas\u201d, sujeito a altera\u00e7\u00e3o de data e conte\u00fado.<\/p>\n","protected":false},"excerpt":{"rendered":"<p>Resumo da novela \u201cChiquititas\u201d em 30\/09: no cap\u00edtulo 066(*) da novela, Rafa conversa com Cris e diz que ela precisa ficar bem. O chiquitito fala que ela \u00e9 bonita, inteligente e que logo um novo menino vai gostar dela. Cris fica mais animada e agradece o apoio do amigo. No apartamento de Cintia, Armando leva [&hellip;]<\/p>\n","protected":false},"author":4,"featured_media":195894,"comment_status":"closed","ping_status":"closed","sticky":false,"template":"","format":"standard","meta":{"tdm_status":"","tdm_grid_status":"","footnotes":""},"categories":[409,379,2025,372,343],"tags":[441],"class_list":{"0":"post-198487","1":"post","2":"type-post","3":"status-publish","4":"format-standard","5":"has-post-thumbnail","7":"category-chiquititas","8":"category-novelas","9":"category-resumo","10":"category-sbt","11":"category-televisao","12":"tag-resumo-do-dia"},"_links":{"self":[{"href":"https:\/\/migracao.redenoticia.com.br\/noticia\/wp-json\/wp\/v2\/posts\/198487","targetHints":{"allow":["GET"]}}],"collection":[{"href":"https:\/\/migracao.redenoticia.com.br\/noticia\/wp-json\/wp\/v2\/posts"}],"about":[{"href":"https:\/\/migracao.redenoticia.com.br\/noticia\/wp-json\/wp\/v2\/types\/post"}],"author":[{"embeddable":true,"href":"https:\/\/migracao.redenoticia.com.br\/noticia\/wp-json\/wp\/v2\/users\/4"}],"replies":[{"embeddable":true,"href":"https:\/\/migracao.redenoticia.com.br\/noticia\/wp-json\/wp\/v2\/comments?post=198487"}],"version-history":[{"count":0,"href":"https:\/\/migracao.redenoticia.com.br\/noticia\/wp-json\/wp\/v2\/posts\/198487\/revisions"}],"wp:featuredmedia":[{"embeddable":true,"href":"https:\/\/migracao.redenoticia.com.br\/noticia\/wp-json\/wp\/v2\/media\/195894"}],"wp:attachment":[{"href":"https:\/\/migracao.redenoticia.com.br\/noticia\/wp-json\/wp\/v2\/media?parent=198487"}],"wp:term":[{"taxonomy":"category","embeddable":true,"href":"https:\/\/migracao.redenoticia.com.br\/noticia\/wp-json\/wp\/v2\/categories?post=198487"},{"taxonomy":"post_tag","embeddable":true,"href":"https:\/\/migracao.redenoticia.com.br\/noticia\/wp-json\/wp\/v2\/tags?post=198487"}],"curies":[{"name":"wp","href":"https:\/\/api.w.org\/{rel}","templated":true}]}}