{"id":1985,"date":"2009-05-25T15:20:50","date_gmt":"2009-05-25T19:20:50","guid":{"rendered":"http:\/\/www.redenoticia.com.br\/noticia\/?p=1985"},"modified":"2009-05-25T15:20:50","modified_gmt":"2009-05-25T19:20:50","slug":"aneel-defende-fundo-para-equilibrar-as-tarifas-de-energia-do-pais","status":"publish","type":"post","link":"https:\/\/migracao.redenoticia.com.br\/noticia\/2009\/aneel-defende-fundo-para-equilibrar-as-tarifas-de-energia-do-pais\/1985","title":{"rendered":"Aneel defende fundo para equilibrar as tarifas de energia do pa\u00eds"},"content":{"rendered":"<p>O diretor-presidente da Ag\u00eancia Nacional de Energia El\u00e9trica (Aneel), Nelson Hubner, disse hoje (25) que \u00e9 preciso encontrar mecanismos para diminuir as distor\u00e7\u00f5es tarif\u00e1rias entre as regi\u00f5es do pa\u00eds. Para ele, uma das alternativas seria a cria\u00e7\u00e3o de um fundo de equaliza\u00e7\u00e3o tarif\u00e1ria, composto por encargos pagos por distribuidoras de regi\u00f5es onde o custo da tarifa \u00e9 mais baixo. Esses recursos serviriam para reduzir os reajustes das tarifas onde a energia custa mais caro.\u00a0<\/p>\n<p>\u201cVamos ter que caminhar para alguma mudan\u00e7a legal, criar algum mecanismo que nos permita segurar um pouco essas distor\u00e7\u00f5es\u201d, afirmou Hubner. Ele tamb\u00e9m disse que a unifica\u00e7\u00e3o de algumas concess\u00f5es poderia evitar os desequil\u00edbrios que existem no pa\u00eds. Segundo o presidente, essas mudan\u00e7as n\u00e3o cabem \u00e0 Aneel, e dependem de uma pol\u00edtica tarif\u00e1ria do governo, que exigem altera\u00e7\u00f5es na legisla\u00e7\u00e3o.\u00a0<\/p>\n<p>Para exemplificar as diferen\u00e7as de energia entre as distribuidoras do pa\u00eds, Hubner citou o exemplo da Companhia Energ\u00e9tica de Goi\u00e1s (Celg) e a Companhia Hidroel\u00e9trica S\u00e3o Patr\u00edcio (Chesp), que atendem os consumidores de Goi\u00e1s. Segundo ele, a Chesp tem a quarta energia mais cara do pa\u00eds, enquanto a Celg est\u00e1 em 52\u00ba lugar, entre as 63 distribuidoras do Brasil.<\/p>\n<p>Segundo o presidente da Aneel, \u00e9 justo que consumidores de algumas regi\u00f5es subsidiem a energia para outras \u00e1reas do pa\u00eds. \u201cTemos realidades bastantes distintas no pa\u00eds. Os nordestinos v\u00e3o para S\u00e3o Paulo porque n\u00e3o tem emprego l\u00e1, mas as ind\u00fastrias n\u00e3o v\u00e3o se instalar no Nordeste se o pre\u00e7o da energia industrial estiver o dobro que a do Sudeste\u201d, ressaltou.<\/p>\n","protected":false},"excerpt":{"rendered":"<p>O diretor-presidente da Ag\u00eancia Nacional de Energia El\u00e9trica (Aneel), Nelson Hubner, disse hoje (25) que \u00e9 preciso encontrar mecanismos para diminuir as distor\u00e7\u00f5es tarif\u00e1rias entre as regi\u00f5es do pa\u00eds. Para ele, uma das alternativas seria a cria\u00e7\u00e3o de um fundo de equaliza\u00e7\u00e3o tarif\u00e1ria, composto por encargos pagos por distribuidoras de regi\u00f5es onde o custo da [&hellip;]<\/p>\n","protected":false},"author":2,"featured_media":0,"comment_status":"open","ping_status":"open","sticky":false,"template":"","format":"standard","meta":{"tdm_status":"","tdm_grid_status":"","footnotes":""},"categories":[22,7],"tags":[],"class_list":{"0":"post-1985","1":"post","2":"type-post","3":"status-publish","4":"format-standard","6":"category-brasil","7":"category-economia"},"_links":{"self":[{"href":"https:\/\/migracao.redenoticia.com.br\/noticia\/wp-json\/wp\/v2\/posts\/1985","targetHints":{"allow":["GET"]}}],"collection":[{"href":"https:\/\/migracao.redenoticia.com.br\/noticia\/wp-json\/wp\/v2\/posts"}],"about":[{"href":"https:\/\/migracao.redenoticia.com.br\/noticia\/wp-json\/wp\/v2\/types\/post"}],"author":[{"embeddable":true,"href":"https:\/\/migracao.redenoticia.com.br\/noticia\/wp-json\/wp\/v2\/users\/2"}],"replies":[{"embeddable":true,"href":"https:\/\/migracao.redenoticia.com.br\/noticia\/wp-json\/wp\/v2\/comments?post=1985"}],"version-history":[{"count":0,"href":"https:\/\/migracao.redenoticia.com.br\/noticia\/wp-json\/wp\/v2\/posts\/1985\/revisions"}],"wp:attachment":[{"href":"https:\/\/migracao.redenoticia.com.br\/noticia\/wp-json\/wp\/v2\/media?parent=1985"}],"wp:term":[{"taxonomy":"category","embeddable":true,"href":"https:\/\/migracao.redenoticia.com.br\/noticia\/wp-json\/wp\/v2\/categories?post=1985"},{"taxonomy":"post_tag","embeddable":true,"href":"https:\/\/migracao.redenoticia.com.br\/noticia\/wp-json\/wp\/v2\/tags?post=1985"}],"curies":[{"name":"wp","href":"https:\/\/api.w.org\/{rel}","templated":true}]}}