{"id":198594,"date":"2020-10-01T13:03:06","date_gmt":"2020-10-01T16:03:06","guid":{"rendered":"https:\/\/www.redenoticia.com.br\/noticia\/?p=198594"},"modified":"2020-10-01T13:03:06","modified_gmt":"2020-10-01T16:03:06","slug":"resumo-lacos-de-familia-02-10-camila-e-filha-de-pedro","status":"publish","type":"post","link":"https:\/\/migracao.redenoticia.com.br\/noticia\/2020\/resumo-lacos-de-familia-02-10-camila-e-filha-de-pedro\/198594","title":{"rendered":"Resumo \u201cLa\u00e7os de Fam\u00edlia\u201d 02\/10: Camila \u00e9 filha de Pedro"},"content":{"rendered":"<p><img loading=\"lazy\" decoding=\"async\" class=\"aligncenter size-full wp-image-197365\" src=\"https:\/\/migracao.redenoticia.com.br\/noticia\/imagens\/lacos-de-familia-resumo-sinopse-elenco-helena-camila-edu.jpg\" alt=\"\" width=\"1280\" height=\"720\" srcset=\"https:\/\/migracao.redenoticia.com.br\/noticia\/imagens\/lacos-de-familia-resumo-sinopse-elenco-helena-camila-edu.jpg 1280w, https:\/\/migracao.redenoticia.com.br\/noticia\/imagens\/lacos-de-familia-resumo-sinopse-elenco-helena-camila-edu-250x140.jpg 250w, https:\/\/migracao.redenoticia.com.br\/noticia\/imagens\/lacos-de-familia-resumo-sinopse-elenco-helena-camila-edu-400x225.jpg 400w, https:\/\/migracao.redenoticia.com.br\/noticia\/imagens\/lacos-de-familia-resumo-sinopse-elenco-helena-camila-edu-768x432.jpg 768w, https:\/\/migracao.redenoticia.com.br\/noticia\/imagens\/lacos-de-familia-resumo-sinopse-elenco-helena-camila-edu-150x85.jpg 150w\" sizes=\"auto, (max-width: 1280px) 100vw, 1280px\" \/><\/p>\n<p><em><strong>Resumo da novela \u201cLa\u00e7os de Fam\u00edlia\u201d<\/strong><\/em> em 02\/10: no cap\u00edtulo 020(*) da novela, Camila e Capitu trocam confid\u00eancias. \u00cdris garante \u00e0 m\u00e3e que Helena vai ador\u00e1-la. Al\u00e9ssio chora ao reencontrar-se com a filha e pede perd\u00e3o. Helena avisa que ningu\u00e9m sabe que Camila \u00e9 filha de Pedro, nem mesmo ele. Ingrid se surpreende ao saber que Helena foi apaixonada por Pedro. Helena conversa com \u00cdris e estranha ao ver que ela tem uma foto de Pedro na parede. Conta que ele \u00e9 seu namorado, para surpresa da irm\u00e3 ca\u00e7ula. Edu n\u00e3o quer nem conversar sobre o consult\u00f3rio que Alma pretende montar para ele. Helena reage ao saber que Camila e Edu se falaram ao telefone. Helena e \u00cdris cavalgam juntas. Al\u00e9ssio pede para ir ao jardim, d\u00e1 a m\u00e3o para Ingrid e morre.<\/p>\n<p>Pedro chega para o enterro de Al\u00e9ssio e fixa o seu olhar em Helena. Helena consola \u00cdris. Pedro lembra-se de uma frase da prima: s\u00f3 se ama uma vez na vida. S\u00edlvia se preocupa com a rela\u00e7\u00e3o do marido com \u00cdris e com C\u00edntia. Romeu ajuda a veterin\u00e1ria na loja. Edu e Camila v\u00e3o almo\u00e7ar juntos. Alma planeja um churrasco. Helena demonstra irrita\u00e7\u00e3o ao saber que o namorado e a filha est\u00e3o juntos. Cleyde e Gl\u00f3ria chegam no caf\u00e9 e fofocam ao ver Edu com uma jovem. \u00cdris adora quando a irm\u00e3 convida-a a morar no Rio. Alma vibra ao saber das novidades. Helena e Pedro, cada um em seu quarto, ficam insones. Edu chega com Camila na festa de Alma, que vibra.<\/p>\n<p>(*) edi\u00e7\u00e3o das novelas da Globo, \u201cLa\u00e7os de Fam\u00edlia\u201d, sujeito a altera\u00e7\u00e3o de data e conte\u00fado.<\/p>\n<p>Sinopse &#8220;La\u00e7os de Fam\u00edlia&#8221;: Helena (Vera Fischer) est\u00e1 a caminho da praia quando seu carro se choca com o do jovem m\u00e9dico Edu (Reynaldo Gianecchini). De in\u00edcio os dois se estranham, mas depois acabam se envolvendo. O acidente acontece em frente \u00e0 livraria Dom Casmurro, de propriedade de Miguel (Tony Ramos), que se encanta imediatamente por ela. Helena \u00e9 m\u00e3e de Camila (Carolina Dieckmann). Com o tempo, Camila descobre que est\u00e1 apaixonada por Edu e que \u00e9 correspondida.<\/p>\n","protected":false},"excerpt":{"rendered":"<p>Resumo da novela \u201cLa\u00e7os de Fam\u00edlia\u201d em 02\/10: no cap\u00edtulo 020(*) da novela, Camila e Capitu trocam confid\u00eancias. \u00cdris garante \u00e0 m\u00e3e que Helena vai ador\u00e1-la. Al\u00e9ssio chora ao reencontrar-se com a filha e pede perd\u00e3o. Helena avisa que ningu\u00e9m sabe que Camila \u00e9 filha de Pedro, nem mesmo ele. Ingrid se surpreende ao saber [&hellip;]<\/p>\n","protected":false},"author":4,"featured_media":197366,"comment_status":"closed","ping_status":"closed","sticky":false,"template":"","format":"standard","meta":{"tdm_status":"","tdm_grid_status":"","footnotes":""},"categories":[2061,379,375,2025,343],"tags":[441],"class_list":{"0":"post-198594","1":"post","2":"type-post","3":"status-publish","4":"format-standard","5":"has-post-thumbnail","7":"category-lacos-de-familia","8":"category-novelas","9":"category-rede-globo","10":"category-resumo","11":"category-televisao","12":"tag-resumo-do-dia"},"_links":{"self":[{"href":"https:\/\/migracao.redenoticia.com.br\/noticia\/wp-json\/wp\/v2\/posts\/198594","targetHints":{"allow":["GET"]}}],"collection":[{"href":"https:\/\/migracao.redenoticia.com.br\/noticia\/wp-json\/wp\/v2\/posts"}],"about":[{"href":"https:\/\/migracao.redenoticia.com.br\/noticia\/wp-json\/wp\/v2\/types\/post"}],"author":[{"embeddable":true,"href":"https:\/\/migracao.redenoticia.com.br\/noticia\/wp-json\/wp\/v2\/users\/4"}],"replies":[{"embeddable":true,"href":"https:\/\/migracao.redenoticia.com.br\/noticia\/wp-json\/wp\/v2\/comments?post=198594"}],"version-history":[{"count":0,"href":"https:\/\/migracao.redenoticia.com.br\/noticia\/wp-json\/wp\/v2\/posts\/198594\/revisions"}],"wp:featuredmedia":[{"embeddable":true,"href":"https:\/\/migracao.redenoticia.com.br\/noticia\/wp-json\/wp\/v2\/media\/197366"}],"wp:attachment":[{"href":"https:\/\/migracao.redenoticia.com.br\/noticia\/wp-json\/wp\/v2\/media?parent=198594"}],"wp:term":[{"taxonomy":"category","embeddable":true,"href":"https:\/\/migracao.redenoticia.com.br\/noticia\/wp-json\/wp\/v2\/categories?post=198594"},{"taxonomy":"post_tag","embeddable":true,"href":"https:\/\/migracao.redenoticia.com.br\/noticia\/wp-json\/wp\/v2\/tags?post=198594"}],"curies":[{"name":"wp","href":"https:\/\/api.w.org\/{rel}","templated":true}]}}