{"id":198596,"date":"2020-10-01T13:05:40","date_gmt":"2020-10-01T16:05:40","guid":{"rendered":"https:\/\/www.redenoticia.com.br\/noticia\/?p=198596"},"modified":"2020-10-01T13:05:40","modified_gmt":"2020-10-01T16:05:40","slug":"resumo-malhacao-viva-a-diferenca-02-10-marta-se-preocupa-com-o-estado-de-lica","status":"publish","type":"post","link":"https:\/\/migracao.redenoticia.com.br\/noticia\/2020\/resumo-malhacao-viva-a-diferenca-02-10-marta-se-preocupa-com-o-estado-de-lica\/198596","title":{"rendered":"Resumo \u201cMalha\u00e7\u00e3o\u201d Viva a Diferen\u00e7a 02\/10: Marta se preocupa com o estado de Lica"},"content":{"rendered":"<p><img loading=\"lazy\" decoding=\"async\" class=\"aligncenter size-full wp-image-197361\" src=\"https:\/\/migracao.redenoticia.com.br\/noticia\/imagens\/malhacao-viva-a-diferenca-elenco-protagonistas.jpg\" alt=\"\" width=\"1280\" height=\"720\" srcset=\"https:\/\/migracao.redenoticia.com.br\/noticia\/imagens\/malhacao-viva-a-diferenca-elenco-protagonistas.jpg 1280w, https:\/\/migracao.redenoticia.com.br\/noticia\/imagens\/malhacao-viva-a-diferenca-elenco-protagonistas-250x140.jpg 250w, https:\/\/migracao.redenoticia.com.br\/noticia\/imagens\/malhacao-viva-a-diferenca-elenco-protagonistas-400x225.jpg 400w, https:\/\/migracao.redenoticia.com.br\/noticia\/imagens\/malhacao-viva-a-diferenca-elenco-protagonistas-768x432.jpg 768w, https:\/\/migracao.redenoticia.com.br\/noticia\/imagens\/malhacao-viva-a-diferenca-elenco-protagonistas-150x85.jpg 150w\" sizes=\"auto, (max-width: 1280px) 100vw, 1280px\" \/><\/p>\n<p><em><strong>Resumo da novela \u201cMalha\u00e7\u00e3o\u201d Viva a Diferen\u00e7a<\/strong><\/em> em 02\/10: no cap\u00edtulo 129(*) da novela, Mitsuko exige que Anderson saia, e o rapaz afirma que jamais se afastar\u00e1 de Tina. K1 comenta com Fio que Ellen acabar\u00e1 sabendo do beijo que deu em Samantha na festa de Lica. K2 estranha a aus\u00eancia de Tato. Marta e Lu\u00eds voltam de viagem por causa de Lica. Leide avisa que um casti\u00e7al de prata de Marta desapareceu. Anderson conversa com Tina. K1 repreende MB por n\u00e3o se lembrar da noite que passaram juntos. Ellen conta a Lica o racismo sofrido por Fio em sua festa. Keyla leva Tonico ao posto de sa\u00fade e \u00e9 orientada pelo m\u00e9dico. Marta se preocupa com o estado de Lica. B\u00f3ris comunica a Edgar que n\u00e3o voltar\u00e1 para o Col\u00e9gio Grupo. Tato e Deco discutem sobre os cuidados com Tonico. Juca e Guto criticam a letra de m\u00fasica feita por Ben\u00ea. Keyla recusa um encontro com as amigas e diz estar exausta por causa de Tonico.<\/p>\n<p>(*) edi\u00e7\u00e3o das novelas da Globo, \u201cMalha\u00e7\u00e3o\u201d Viva a Diferen\u00e7a, sujeito a altera\u00e7\u00e3o de data e conte\u00fado.<\/p>\n<p>Sinopse \u201cMalha\u00e7\u00e3o\u201d Viva a Diferen\u00e7a: No vibrante e ca\u00f3tico universo de S\u00e3o Paulo, Keyla (Gabriela Medvedovski), Ben\u00ea (Daphne Bozaski), Tina (Ana Hikari), Lica (Manoela Aliperti) e Ellen (Heslaine Vieira), cinco adolescentes que n\u00e3o se conheciam, se veem presas sozinhas no mesmo vag\u00e3o de metr\u00f4 por obra do acaso durante uma pane em um dia chuvoso. Como se n\u00e3o bastasse a tens\u00e3o natural da situa\u00e7\u00e3o, Keyla entra em trabalho de parto e elas se unem em solidariedade para ajud\u00e1-la no nascimento do beb\u00ea mesmo sem recursos dispon\u00edveis no local, criando um v\u00ednculo de amizade entre cinco garotas com backgrounds e personalidades completamente diferentes.<\/p>\n","protected":false},"excerpt":{"rendered":"<p>Resumo da novela \u201cMalha\u00e7\u00e3o\u201d Viva a Diferen\u00e7a em 02\/10: no cap\u00edtulo 129(*) da novela, Mitsuko exige que Anderson saia, e o rapaz afirma que jamais se afastar\u00e1 de Tina. K1 comenta com Fio que Ellen acabar\u00e1 sabendo do beijo que deu em Samantha na festa de Lica. K2 estranha a aus\u00eancia de Tato. Marta e [&hellip;]<\/p>\n","protected":false},"author":4,"featured_media":197368,"comment_status":"closed","ping_status":"closed","sticky":false,"template":"","format":"standard","meta":{"tdm_status":"","tdm_grid_status":"","footnotes":""},"categories":[447,379,375,2025,343],"tags":[441],"class_list":{"0":"post-198596","1":"post","2":"type-post","3":"status-publish","4":"format-standard","5":"has-post-thumbnail","7":"category-malhacao","8":"category-novelas","9":"category-rede-globo","10":"category-resumo","11":"category-televisao","12":"tag-resumo-do-dia"},"_links":{"self":[{"href":"https:\/\/migracao.redenoticia.com.br\/noticia\/wp-json\/wp\/v2\/posts\/198596","targetHints":{"allow":["GET"]}}],"collection":[{"href":"https:\/\/migracao.redenoticia.com.br\/noticia\/wp-json\/wp\/v2\/posts"}],"about":[{"href":"https:\/\/migracao.redenoticia.com.br\/noticia\/wp-json\/wp\/v2\/types\/post"}],"author":[{"embeddable":true,"href":"https:\/\/migracao.redenoticia.com.br\/noticia\/wp-json\/wp\/v2\/users\/4"}],"replies":[{"embeddable":true,"href":"https:\/\/migracao.redenoticia.com.br\/noticia\/wp-json\/wp\/v2\/comments?post=198596"}],"version-history":[{"count":0,"href":"https:\/\/migracao.redenoticia.com.br\/noticia\/wp-json\/wp\/v2\/posts\/198596\/revisions"}],"wp:featuredmedia":[{"embeddable":true,"href":"https:\/\/migracao.redenoticia.com.br\/noticia\/wp-json\/wp\/v2\/media\/197368"}],"wp:attachment":[{"href":"https:\/\/migracao.redenoticia.com.br\/noticia\/wp-json\/wp\/v2\/media?parent=198596"}],"wp:term":[{"taxonomy":"category","embeddable":true,"href":"https:\/\/migracao.redenoticia.com.br\/noticia\/wp-json\/wp\/v2\/categories?post=198596"},{"taxonomy":"post_tag","embeddable":true,"href":"https:\/\/migracao.redenoticia.com.br\/noticia\/wp-json\/wp\/v2\/tags?post=198596"}],"curies":[{"name":"wp","href":"https:\/\/api.w.org\/{rel}","templated":true}]}}