{"id":198604,"date":"2020-10-01T13:13:33","date_gmt":"2020-10-01T16:13:33","guid":{"rendered":"https:\/\/www.redenoticia.com.br\/noticia\/?p=198604"},"modified":"2020-10-01T13:13:33","modified_gmt":"2020-10-01T16:13:33","slug":"resumo-a-forca-do-querer-02-10-zeca-e-ritinha-se-casam","status":"publish","type":"post","link":"https:\/\/migracao.redenoticia.com.br\/noticia\/2020\/resumo-a-forca-do-querer-02-10-zeca-e-ritinha-se-casam\/198604","title":{"rendered":"Resumo &#8220;A For\u00e7a do Querer&#8221; 02\/10: Zeca e Ritinha se casam"},"content":{"rendered":"<p><img loading=\"lazy\" decoding=\"async\" src=\"https:\/\/migracao.redenoticia.com.br\/noticia\/imagens\/a-forca-do-querer-resumo-sinopse.jpg\" alt=\"\" width=\"1280\" height=\"720\" class=\"aligncenter size-full wp-image-195899\" srcset=\"https:\/\/migracao.redenoticia.com.br\/noticia\/imagens\/a-forca-do-querer-resumo-sinopse.jpg 1280w, https:\/\/migracao.redenoticia.com.br\/noticia\/imagens\/a-forca-do-querer-resumo-sinopse-250x140.jpg 250w, https:\/\/migracao.redenoticia.com.br\/noticia\/imagens\/a-forca-do-querer-resumo-sinopse-400x225.jpg 400w, https:\/\/migracao.redenoticia.com.br\/noticia\/imagens\/a-forca-do-querer-resumo-sinopse-768x432.jpg 768w, https:\/\/migracao.redenoticia.com.br\/noticia\/imagens\/a-forca-do-querer-resumo-sinopse-150x85.jpg 150w, https:\/\/migracao.redenoticia.com.br\/noticia\/imagens\/a-forca-do-querer-resumo-sinopse-696x392.jpg 696w, https:\/\/migracao.redenoticia.com.br\/noticia\/imagens\/a-forca-do-querer-resumo-sinopse-1068x601.jpg 1068w\" sizes=\"auto, (max-width: 1280px) 100vw, 1280px\" \/><\/p>\n<p><em><strong>Resumo da novela \u201cA For\u00e7a do Querer\u201d<\/strong><\/em> em 02\/10: no cap\u00edtulo 011(*) da novela, Ruy avisa a Amaro que ir\u00e1 para Parazinho. Ivana conta para Simone que Joyce tem vergonha dela. Abel descobre que Ritinha \u00e9 filha do boto e se preocupa ao lembrar da profecia do \u00edndio. Bibi encontra Caio e Cirilo na rua e fica constrangida. Junqueira repreende Ruy por causa de sua viagem. Zeca e Ritinha se casam. Silvana perde no jogo e reclama para Dita. Marilda entrega a Ritinha um bilhete de Ruy. Janete v\u00ea a rival ir em dire\u00e7\u00e3o ao rio e avisa a Zeca. O caminhoneiro v\u00ea a noiva entrar no barco de Ruy e atira com uma espingarda em sua dire\u00e7\u00e3o.<\/p>\n<p>Zeca acerta um barqueiro com a arma e lembra da profecia do \u00edndio. Ritinha culpa Ruy pelo fim de seu casamento. Zeca leva o barqueiro para o posto m\u00e9dico. Ritinha exige que Ruy a leve para o Rio de Janeiro. Ritinha e Ruy se amam. Zeca perde seu caminh\u00e3o para pagar indeniza\u00e7\u00e3o ao barqueiro e fica desolado. Silvana entrega a Eurico parte do dinheiro que perdeu e recupera a bolsa de Joyce. O empres\u00e1rio estranha o nome no recibo de pagamento. De volta ao Rio, Ruy disfar\u00e7a a tens\u00e3o diante de Cibele, que fica desconfiada. Bibi reabre sua matr\u00edcula na faculdade. Junqueira contrata Rubinho para dar aulas a Yuri. Caio tenta conversar com Silvana sobre sua compuls\u00e3o por jogo. Ruy vai ao esconderijo que conseguiu para Ritinha.<\/p>\n<p>(*) edi\u00e7\u00e3o das novelas da Globo, \u201cA For\u00e7a do Querer\u201d, sujeito a altera\u00e7\u00e3o de data e conte\u00fado.<\/p>\n<p>Sinopse \u201cA For\u00e7a do Querer\u201d: esta \u00e9 a hist\u00f3ria de Rita (Isis Valverde), uma jovem apaixonada por si mesmo e que adora sentir o fasc\u00ednio que exerce sobre os homens &#8211; assim como as sereias. Zeca (Marco Pigossi) \u00e9 caminhoneiro rude, passional e com um cora\u00e7\u00e3o enorme. Trabalhador, nunca se deixou levar pelos coment\u00e1rios maldosos sobre a personalidade de Rita. Apaixonado pela gata, fica arrasado ao saber de seu envolvimento com Ruy. Orgulhoso, se muda para o Rio de Janeiro para recome\u00e7ar a vida e se aproxima de Jeiza. Ruy (Fiuk) \u00e9 o filho de Eug\u00eanio e Joyce. Est\u00e1 sendo treinado para substituir o pai na empresa da fam\u00edlia. Noivo de Cibele, se encanta por Rita durante uma viagem ao Par\u00e1.<\/p>\n","protected":false},"excerpt":{"rendered":"<p>Resumo da novela \u201cA For\u00e7a do Querer\u201d em 02\/10: no cap\u00edtulo 011(*) da novela, Ruy avisa a Amaro que ir\u00e1 para Parazinho. Ivana conta para Simone que Joyce tem vergonha dela. Abel descobre que Ritinha \u00e9 filha do boto e se preocupa ao lembrar da profecia do \u00edndio. Bibi encontra Caio e Cirilo na rua [&hellip;]<\/p>\n","protected":false},"author":4,"featured_media":195901,"comment_status":"closed","ping_status":"closed","sticky":false,"template":"","format":"standard","meta":{"tdm_status":"","tdm_grid_status":"","footnotes":""},"categories":[2027,379,375,2025,343],"tags":[441],"class_list":{"0":"post-198604","1":"post","2":"type-post","3":"status-publish","4":"format-standard","5":"has-post-thumbnail","7":"category-a-forca-do-querer","8":"category-novelas","9":"category-rede-globo","10":"category-resumo","11":"category-televisao","12":"tag-resumo-do-dia"},"_links":{"self":[{"href":"https:\/\/migracao.redenoticia.com.br\/noticia\/wp-json\/wp\/v2\/posts\/198604","targetHints":{"allow":["GET"]}}],"collection":[{"href":"https:\/\/migracao.redenoticia.com.br\/noticia\/wp-json\/wp\/v2\/posts"}],"about":[{"href":"https:\/\/migracao.redenoticia.com.br\/noticia\/wp-json\/wp\/v2\/types\/post"}],"author":[{"embeddable":true,"href":"https:\/\/migracao.redenoticia.com.br\/noticia\/wp-json\/wp\/v2\/users\/4"}],"replies":[{"embeddable":true,"href":"https:\/\/migracao.redenoticia.com.br\/noticia\/wp-json\/wp\/v2\/comments?post=198604"}],"version-history":[{"count":0,"href":"https:\/\/migracao.redenoticia.com.br\/noticia\/wp-json\/wp\/v2\/posts\/198604\/revisions"}],"wp:featuredmedia":[{"embeddable":true,"href":"https:\/\/migracao.redenoticia.com.br\/noticia\/wp-json\/wp\/v2\/media\/195901"}],"wp:attachment":[{"href":"https:\/\/migracao.redenoticia.com.br\/noticia\/wp-json\/wp\/v2\/media?parent=198604"}],"wp:term":[{"taxonomy":"category","embeddable":true,"href":"https:\/\/migracao.redenoticia.com.br\/noticia\/wp-json\/wp\/v2\/categories?post=198604"},{"taxonomy":"post_tag","embeddable":true,"href":"https:\/\/migracao.redenoticia.com.br\/noticia\/wp-json\/wp\/v2\/tags?post=198604"}],"curies":[{"name":"wp","href":"https:\/\/api.w.org\/{rel}","templated":true}]}}