{"id":19869,"date":"2009-12-12T16:19:38","date_gmt":"2009-12-12T20:19:38","guid":{"rendered":"http:\/\/www.redenoticia.com.br\/noticia\/?p=19869"},"modified":"2009-12-12T16:19:38","modified_gmt":"2009-12-12T20:19:38","slug":"previsao-do-tempo-na-regiao-norte-de-13-a-1512","status":"publish","type":"post","link":"https:\/\/migracao.redenoticia.com.br\/noticia\/2009\/previsao-do-tempo-na-regiao-norte-de-13-a-1512\/19869","title":{"rendered":"Previs\u00e3o do tempo na Regi\u00e3o Norte de 13 a 15\/12"},"content":{"rendered":"<p><strong><em><span style=\"font-style: normal; font-weight: normal;\"><img loading=\"lazy\" decoding=\"async\" class=\"alignleft size-full wp-image-19870\" title=\"previsao do tempo 13 12\" src=\"https:\/\/migracao.redenoticia.com.br\/noticia\/imagens\/previsao-do-tempo-13-12.jpg\" alt=\"previsao do tempo 13 12\" width=\"300\" height=\"193\" srcset=\"https:\/\/migracao.redenoticia.com.br\/noticia\/imagens\/previsao-do-tempo-13-12.jpg 300w, https:\/\/migracao.redenoticia.com.br\/noticia\/imagens\/previsao-do-tempo-13-12-250x160.jpg 250w, https:\/\/migracao.redenoticia.com.br\/noticia\/imagens\/previsao-do-tempo-13-12-150x96.jpg 150w\" sizes=\"auto, (max-width: 300px) 100vw, 300px\" \/><\/span>Previs\u00e3o do tempo na Regi\u00e3o Norte<\/em><\/strong> em 13\/12\/2009: Em todos os Estados da Regi\u00e3o: sol entre muitas nuvens com pancadas de chuva a qualquer hora do dia e localmente forte. As temperaturas estar\u00e3o est\u00e1veis. Temperatura m\u00e1xima: 38C no norte do PA. Temperatura m\u00ednima: 18C no sudeste do PA.\u00a0<\/p>\n<p>Previs\u00e3o do tempo na Regi\u00e3o Norte Tend\u00eancia 14 e 15\/12: Em grande parte de RR e norte do AM: sol entre poucas nuvens. Nas demais \u00e1reas: sol entre nuvens com pancadas de chuva a qualquer hora do dia. As temperaturas estar\u00e3o est\u00e1veis. Nos pr\u00f3ximos dois dias h\u00e1 chance de pancadas de chuva em boa parte da Regi\u00e3o.<\/p>\n<p>O Centro de Previs\u00e3o de Tempo e Estudos Clim\u00e1ticos \u2013 CPTEC, do Instituto Nacional de Pesquisas Espaciais \u2013 INPE \u00e9 o passaporte do Brasil para o primeiro mundo das previs\u00f5es meteorol\u00f3gicas. Os supercomputadores vetoriais SX-6 e SX-4 fabricados pela NEC Corporation do Jap\u00e3o, possuem capacidade de processar at\u00e9 768 bilh\u00f5es e 16 bilh\u00f5es de opera\u00e7\u00f5es aritm\u00e9ticas em ponto flutuante por segundo respectivamente. Recentemente adquirido da \u201cNEC Corporation do Jap\u00e3o\u201d um cluster com 1100 processadores fabricado pela \u201cSUN Microsystem\u201d com a capacidade de processar at\u00e9 5.7 trilh\u00f5es de opera\u00e7\u00f5es aritm\u00e9ticas em ponto flutuante por segundo. Isso significa possibilidade de utilizar modelos num\u00e9ricos para simula\u00e7\u00e3o de tempo e clima, integrando informa\u00e7\u00f5es atmosf\u00e9ricas e oce\u00e2nicas. O resultado disso s\u00e3o previs\u00f5es de tempo confi\u00e1veis, para todo o pa\u00eds.\u00a0<\/p>\n<p>Previs\u00e3o do tempo CPTEC\/INPE<\/p>\n","protected":false},"excerpt":{"rendered":"<p>Previs\u00e3o do tempo na Regi\u00e3o Norte em 13\/12\/2009: Em todos os Estados da Regi\u00e3o: sol entre muitas nuvens com pancadas de chuva a qualquer hora do dia e localmente forte. As temperaturas estar\u00e3o est\u00e1veis. Temperatura m\u00e1xima: 38C no norte do PA. Temperatura m\u00ednima: 18C no sudeste do PA.\u00a0 Previs\u00e3o do tempo na Regi\u00e3o Norte Tend\u00eancia [&hellip;]<\/p>\n","protected":false},"author":3,"featured_media":0,"comment_status":"open","ping_status":"open","sticky":false,"template":"","format":"standard","meta":{"tdm_status":"","tdm_grid_status":"","footnotes":""},"categories":[327],"tags":[],"class_list":{"0":"post-19869","1":"post","2":"type-post","3":"status-publish","4":"format-standard","6":"category-clima"},"_links":{"self":[{"href":"https:\/\/migracao.redenoticia.com.br\/noticia\/wp-json\/wp\/v2\/posts\/19869","targetHints":{"allow":["GET"]}}],"collection":[{"href":"https:\/\/migracao.redenoticia.com.br\/noticia\/wp-json\/wp\/v2\/posts"}],"about":[{"href":"https:\/\/migracao.redenoticia.com.br\/noticia\/wp-json\/wp\/v2\/types\/post"}],"author":[{"embeddable":true,"href":"https:\/\/migracao.redenoticia.com.br\/noticia\/wp-json\/wp\/v2\/users\/3"}],"replies":[{"embeddable":true,"href":"https:\/\/migracao.redenoticia.com.br\/noticia\/wp-json\/wp\/v2\/comments?post=19869"}],"version-history":[{"count":0,"href":"https:\/\/migracao.redenoticia.com.br\/noticia\/wp-json\/wp\/v2\/posts\/19869\/revisions"}],"wp:attachment":[{"href":"https:\/\/migracao.redenoticia.com.br\/noticia\/wp-json\/wp\/v2\/media?parent=19869"}],"wp:term":[{"taxonomy":"category","embeddable":true,"href":"https:\/\/migracao.redenoticia.com.br\/noticia\/wp-json\/wp\/v2\/categories?post=19869"},{"taxonomy":"post_tag","embeddable":true,"href":"https:\/\/migracao.redenoticia.com.br\/noticia\/wp-json\/wp\/v2\/tags?post=19869"}],"curies":[{"name":"wp","href":"https:\/\/api.w.org\/{rel}","templated":true}]}}