{"id":198699,"date":"2020-10-03T20:11:45","date_gmt":"2020-10-03T23:11:45","guid":{"rendered":"https:\/\/www.redenoticia.com.br\/noticia\/?p=198699"},"modified":"2020-10-03T20:11:45","modified_gmt":"2020-10-03T23:11:45","slug":"resumo-lacos-de-familia-05-10-alma-fala-mal-de-helena-para-camila","status":"publish","type":"post","link":"https:\/\/migracao.redenoticia.com.br\/noticia\/2020\/resumo-lacos-de-familia-05-10-alma-fala-mal-de-helena-para-camila\/198699","title":{"rendered":"Resumo \u201cLa\u00e7os de Fam\u00edlia\u201d 05\/10: Alma fala mal de Helena para Camila"},"content":{"rendered":"<p> <img loading=\"lazy\" decoding=\"async\" class=\"aligncenter size-full wp-image-197365\" src=\"https:\/\/migracao.redenoticia.com.br\/noticia\/imagens\/lacos-de-familia-resumo-sinopse-elenco-helena-camila-edu.jpg\" alt=\"\" width=\"1280\" height=\"720\" srcset=\"https:\/\/migracao.redenoticia.com.br\/noticia\/imagens\/lacos-de-familia-resumo-sinopse-elenco-helena-camila-edu.jpg 1280w, https:\/\/migracao.redenoticia.com.br\/noticia\/imagens\/lacos-de-familia-resumo-sinopse-elenco-helena-camila-edu-250x140.jpg 250w, https:\/\/migracao.redenoticia.com.br\/noticia\/imagens\/lacos-de-familia-resumo-sinopse-elenco-helena-camila-edu-400x225.jpg 400w, https:\/\/migracao.redenoticia.com.br\/noticia\/imagens\/lacos-de-familia-resumo-sinopse-elenco-helena-camila-edu-768x432.jpg 768w, https:\/\/migracao.redenoticia.com.br\/noticia\/imagens\/lacos-de-familia-resumo-sinopse-elenco-helena-camila-edu-150x85.jpg 150w\" sizes=\"auto, (max-width: 1280px) 100vw, 1280px\" \/><\/p>\n<p><em><strong>Resumo da novela \u201cLa\u00e7os de Fam\u00edlia\u201d<\/strong><\/em> em 05\/10: no cap\u00edtulo 021(*) da novela, Alma recebe Camila muito bem. Pedro tenta quebrar o clima formal com Helena. Estela fica sabendo que Camila \u00e9 filha de Helena, mas Edu pede que ela n\u00e3o conte para Alma. Helena aguarda ansiosa que a filha ligue para ela, especialmente depois de saber que ela saiu com Edu. Alma fala mal de Helena, chama-a de \u201ca namorada velha de Edu\u201d, e Camila sai da festa chorando. Miguel leva-a para casa. Edu enfrenta a tia e demonstra todo o seu \u00f3dio. Helena lembra-se das previs\u00f5es da cigana na passagem do ano. Camila conta tudo para Zilda, mas pede que Helena nada fique sabendo. \u00cdris est\u00e1 decidida a ir para o Rio de Janeiro. Pedro olha com desejo para Helena, que n\u00e3o lhe d\u00e1 chance. Edu observa Camila dormindo.<\/p>\n<p>Edu se desculpa por tudo o que aconteceu. Camila pede que Helena n\u00e3o saiba de sua ida \u00e0 casa de Alma. Os dois se abra\u00e7am fraternalmente. Ci\u00e7a faz fofoca sobre Camila e Miguel repreende-a energicamente. Alma especula: quem sabe Edu est\u00e1 transferindo o amor pela m\u00e3e para a filha? Ingrid sente-se desconfort\u00e1vel quando Helena insiste que \u00cdris deve ir para o Rio. Camila copia um poema para Edu.<\/p>\n<p>Helena sugere que a filha n\u00e3o receba Edu quando ela n\u00e3o estiver em casa. Viriato n\u00e3o esconde os ci\u00fames que sente de Yvete. Laerte se preocupa com uma colega, que est\u00e1 sem lugar para trabalhar. C\u00edntia sai com Romeu. Edu fica em casa, pensativo. Camila diz que passou a tarde com Edu e Yvete estranha. Helena n\u00e3o consegue dormir pensando em Pedro. \u00cdris surpreende Helena olhando Pedro. Alma e Edu discutem quando ela diz que ele e Camila est\u00e3o apaixonados.<\/p>\n<p>(*) edi\u00e7\u00e3o das novelas da Globo, \u201cLa\u00e7os de Fam\u00edlia\u201d, sujeito a altera\u00e7\u00e3o de data e conte\u00fado.<\/p>\n<p>Sinopse &#8220;La\u00e7os de Fam\u00edlia&#8221;: Helena (Vera Fischer) est\u00e1 a caminho da praia quando seu carro se choca com o do jovem m\u00e9dico Edu (Reynaldo Gianecchini). De in\u00edcio os dois se estranham, mas depois acabam se envolvendo. O acidente acontece em frente \u00e0 livraria Dom Casmurro, de propriedade de Miguel (Tony Ramos), que se encanta imediatamente por ela. Helena \u00e9 m\u00e3e de Camila (Carolina Dieckmann). Com o tempo, Camila descobre que est\u00e1 apaixonada por Edu e que \u00e9 correspondida.<\/p>\n","protected":false},"excerpt":{"rendered":"<p>Resumo da novela \u201cLa\u00e7os de Fam\u00edlia\u201d em 05\/10: no cap\u00edtulo 021(*) da novela, Alma recebe Camila muito bem. Pedro tenta quebrar o clima formal com Helena. Estela fica sabendo que Camila \u00e9 filha de Helena, mas Edu pede que ela n\u00e3o conte para Alma. Helena aguarda ansiosa que a filha ligue para ela, especialmente depois [&hellip;]<\/p>\n","protected":false},"author":2,"featured_media":197366,"comment_status":"closed","ping_status":"closed","sticky":false,"template":"","format":"standard","meta":{"tdm_status":"","tdm_grid_status":"","footnotes":""},"categories":[2061,379,375,2025,343],"tags":[441],"class_list":{"0":"post-198699","1":"post","2":"type-post","3":"status-publish","4":"format-standard","5":"has-post-thumbnail","7":"category-lacos-de-familia","8":"category-novelas","9":"category-rede-globo","10":"category-resumo","11":"category-televisao","12":"tag-resumo-do-dia"},"_links":{"self":[{"href":"https:\/\/migracao.redenoticia.com.br\/noticia\/wp-json\/wp\/v2\/posts\/198699","targetHints":{"allow":["GET"]}}],"collection":[{"href":"https:\/\/migracao.redenoticia.com.br\/noticia\/wp-json\/wp\/v2\/posts"}],"about":[{"href":"https:\/\/migracao.redenoticia.com.br\/noticia\/wp-json\/wp\/v2\/types\/post"}],"author":[{"embeddable":true,"href":"https:\/\/migracao.redenoticia.com.br\/noticia\/wp-json\/wp\/v2\/users\/2"}],"replies":[{"embeddable":true,"href":"https:\/\/migracao.redenoticia.com.br\/noticia\/wp-json\/wp\/v2\/comments?post=198699"}],"version-history":[{"count":0,"href":"https:\/\/migracao.redenoticia.com.br\/noticia\/wp-json\/wp\/v2\/posts\/198699\/revisions"}],"wp:featuredmedia":[{"embeddable":true,"href":"https:\/\/migracao.redenoticia.com.br\/noticia\/wp-json\/wp\/v2\/media\/197366"}],"wp:attachment":[{"href":"https:\/\/migracao.redenoticia.com.br\/noticia\/wp-json\/wp\/v2\/media?parent=198699"}],"wp:term":[{"taxonomy":"category","embeddable":true,"href":"https:\/\/migracao.redenoticia.com.br\/noticia\/wp-json\/wp\/v2\/categories?post=198699"},{"taxonomy":"post_tag","embeddable":true,"href":"https:\/\/migracao.redenoticia.com.br\/noticia\/wp-json\/wp\/v2\/tags?post=198699"}],"curies":[{"name":"wp","href":"https:\/\/api.w.org\/{rel}","templated":true}]}}