{"id":198703,"date":"2020-10-03T20:17:08","date_gmt":"2020-10-03T23:17:08","guid":{"rendered":"https:\/\/www.redenoticia.com.br\/noticia\/?p=198703"},"modified":"2020-10-03T20:17:08","modified_gmt":"2020-10-03T23:17:08","slug":"resumo-cumplices-de-um-resgate-05-10-geraldo-reaparece-para-regina","status":"publish","type":"post","link":"https:\/\/migracao.redenoticia.com.br\/noticia\/2020\/resumo-cumplices-de-um-resgate-05-10-geraldo-reaparece-para-regina\/198703","title":{"rendered":"Resumo \u201cC\u00famplices de um Resgate\u201d 05\/10: Geraldo reaparece para Regina"},"content":{"rendered":"<p> <img loading=\"lazy\" decoding=\"async\" class=\"aligncenter size-full wp-image-195896\" src=\"https:\/\/migracao.redenoticia.com.br\/noticia\/imagens\/cumplices-de-um-resgate-resumo-sinopse-elenco.jpg\" alt=\"\" width=\"1280\" height=\"720\" srcset=\"https:\/\/migracao.redenoticia.com.br\/noticia\/imagens\/cumplices-de-um-resgate-resumo-sinopse-elenco.jpg 1280w, https:\/\/migracao.redenoticia.com.br\/noticia\/imagens\/cumplices-de-um-resgate-resumo-sinopse-elenco-250x140.jpg 250w, https:\/\/migracao.redenoticia.com.br\/noticia\/imagens\/cumplices-de-um-resgate-resumo-sinopse-elenco-400x225.jpg 400w, https:\/\/migracao.redenoticia.com.br\/noticia\/imagens\/cumplices-de-um-resgate-resumo-sinopse-elenco-768x432.jpg 768w, https:\/\/migracao.redenoticia.com.br\/noticia\/imagens\/cumplices-de-um-resgate-resumo-sinopse-elenco-150x85.jpg 150w, https:\/\/migracao.redenoticia.com.br\/noticia\/imagens\/cumplices-de-um-resgate-resumo-sinopse-elenco-696x392.jpg 696w, https:\/\/migracao.redenoticia.com.br\/noticia\/imagens\/cumplices-de-um-resgate-resumo-sinopse-elenco-1068x601.jpg 1068w\" sizes=\"auto, (max-width: 1280px) 100vw, 1280px\" \/><\/p>\n<p><strong><em>Resumo da novela \u201cC\u00famplices de um Resgate\u201d em 05\/10<\/em><\/strong>: no cap\u00edtulo 455(*) da novela, Paola diz para Rebeca que possui uma ONG com objetivo de ajudar m\u00e3es a encontrarem seus filhos desaparecidos. O C1R tenta convencer Manuela a voltar a cantar na banda. Os integrantes da &#8216;Manuela e Seus Amigos&#8217; tamb\u00e9m. Manuela decide se dedicar para sua banda do vilarejo. <\/p>\n<p>Nico recebe o panfleto de uma nova corrida de cavalos e fica empolgado. Sabrina faz placas ecol\u00f3gicas para espalhar no vilarejo. Pedro e Helena viajam em lua de mel. Na Top Records, os m\u00fasicos decidem que o nome da banda ser\u00e1 &#8216;Insanos&#8217;. Geraldo reaparece no escrit\u00f3rio da mans\u00e3o para Regina.<\/p>\n<p>(*) edi\u00e7\u00e3o das novelas do SBT, \u201cC\u00famplices de um Resgate\u201d, sujeito a altera\u00e7\u00e3o de data e conte\u00fado.<\/p>\n<p>Sinopse \u201cC\u00famplices de um Resgate\u201d: Duas irm\u00e3s g\u00eameas univitelinas que foram separadas ap\u00f3s nascimento, se reencontram somente ap\u00f3s doze anos. Manuela, uma das g\u00eameas, \u00e9 doce, meiga, gentil, e muito talentosa para a m\u00fasica e tem uma voz encantadora. Vive uma vida feliz no Vilarejo dos Sonhos, onde mora com sua av\u00f3 Nina, sua tia Helena e sua m\u00e3e Rebeca, que d\u00e1 muito amor e carinho a filha por ela nunca ter tido um pai, e ela \u00e9 a m\u00e3e biol\u00f3gica das duas garotas, mas nunca soube que teve g\u00eameas.<\/p>\n","protected":false},"excerpt":{"rendered":"<p>Resumo da novela \u201cC\u00famplices de um Resgate\u201d em 05\/10: no cap\u00edtulo 455(*) da novela, Paola diz para Rebeca que possui uma ONG com objetivo de ajudar m\u00e3es a encontrarem seus filhos desaparecidos. O C1R tenta convencer Manuela a voltar a cantar na banda. Os integrantes da &#8216;Manuela e Seus Amigos&#8217; tamb\u00e9m. Manuela decide se dedicar [&hellip;]<\/p>\n","protected":false},"author":2,"featured_media":195895,"comment_status":"closed","ping_status":"closed","sticky":false,"template":"","format":"standard","meta":{"tdm_status":"","tdm_grid_status":"","footnotes":""},"categories":[379,2025,372,343],"tags":[441],"class_list":{"0":"post-198703","1":"post","2":"type-post","3":"status-publish","4":"format-standard","5":"has-post-thumbnail","7":"category-novelas","8":"category-resumo","9":"category-sbt","10":"category-televisao","11":"tag-resumo-do-dia"},"_links":{"self":[{"href":"https:\/\/migracao.redenoticia.com.br\/noticia\/wp-json\/wp\/v2\/posts\/198703","targetHints":{"allow":["GET"]}}],"collection":[{"href":"https:\/\/migracao.redenoticia.com.br\/noticia\/wp-json\/wp\/v2\/posts"}],"about":[{"href":"https:\/\/migracao.redenoticia.com.br\/noticia\/wp-json\/wp\/v2\/types\/post"}],"author":[{"embeddable":true,"href":"https:\/\/migracao.redenoticia.com.br\/noticia\/wp-json\/wp\/v2\/users\/2"}],"replies":[{"embeddable":true,"href":"https:\/\/migracao.redenoticia.com.br\/noticia\/wp-json\/wp\/v2\/comments?post=198703"}],"version-history":[{"count":0,"href":"https:\/\/migracao.redenoticia.com.br\/noticia\/wp-json\/wp\/v2\/posts\/198703\/revisions"}],"wp:featuredmedia":[{"embeddable":true,"href":"https:\/\/migracao.redenoticia.com.br\/noticia\/wp-json\/wp\/v2\/media\/195895"}],"wp:attachment":[{"href":"https:\/\/migracao.redenoticia.com.br\/noticia\/wp-json\/wp\/v2\/media?parent=198703"}],"wp:term":[{"taxonomy":"category","embeddable":true,"href":"https:\/\/migracao.redenoticia.com.br\/noticia\/wp-json\/wp\/v2\/categories?post=198703"},{"taxonomy":"post_tag","embeddable":true,"href":"https:\/\/migracao.redenoticia.com.br\/noticia\/wp-json\/wp\/v2\/tags?post=198703"}],"curies":[{"name":"wp","href":"https:\/\/api.w.org\/{rel}","templated":true}]}}