{"id":19873,"date":"2009-12-12T16:22:31","date_gmt":"2009-12-12T20:22:31","guid":{"rendered":"http:\/\/www.redenoticia.com.br\/noticia\/?p=19873"},"modified":"2009-12-12T16:22:31","modified_gmt":"2009-12-12T20:22:31","slug":"previsao-do-tempo-na-regiao-nordeste-de-13-a-1512","status":"publish","type":"post","link":"https:\/\/migracao.redenoticia.com.br\/noticia\/2009\/previsao-do-tempo-na-regiao-nordeste-de-13-a-1512\/19873","title":{"rendered":"Previs\u00e3o do tempo na Regi\u00e3o Nordeste de 13 a 15\/12"},"content":{"rendered":"<p><strong><em><img loading=\"lazy\" decoding=\"async\" class=\"alignleft size-full wp-image-19870\" title=\"previsao do tempo 13 12\" src=\"https:\/\/migracao.redenoticia.com.br\/noticia\/imagens\/previsao-do-tempo-13-12.jpg\" alt=\"previsao do tempo 13 12\" width=\"300\" height=\"193\" srcset=\"https:\/\/migracao.redenoticia.com.br\/noticia\/imagens\/previsao-do-tempo-13-12.jpg 300w, https:\/\/migracao.redenoticia.com.br\/noticia\/imagens\/previsao-do-tempo-13-12-250x160.jpg 250w, https:\/\/migracao.redenoticia.com.br\/noticia\/imagens\/previsao-do-tempo-13-12-150x96.jpg 150w\" sizes=\"auto, (max-width: 300px) 100vw, 300px\" \/>Previs\u00e3o do tempo na Regi\u00e3o Nordeste<\/em><\/strong> em 13\/12\/2009: No sul e oeste da BA, no MA, no centro-norte do PI e de PE, no CE, na PB e no RS: sol com nebulosidade vari\u00e1vel e pancadas de chuva. No sul do PI e de PE e no norte da BA: sol com nebulosidade vari\u00e1vel e possibilidade de pancadas de chuva. Nas demais \u00e1reas da BA, em SE e em AL: sol entre nuvens. As temperaturas seguir\u00e3o est\u00e1veis. Temperaturas m\u00e1xima: 38C no norte do PI. Temperaturas m\u00ednima: 16C no sul da BA.\u00a0<\/p>\n<p>Previs\u00e3o do tempo na Regi\u00e3o Nordeste Tend\u00eancia 14 e 15\/12: No centro-leste de PE e da BA, em Al e em SE: sol entre poucas nuvens. No oeste da BA: sol com varia\u00e7\u00e3o de nuvens e pancadas isoladas de chuva. No sul e leste do PI, no norte da BA, no oeste de PE, no RN, na PB e no sul do CE: sol com nebulosidade vari\u00e1vel e possibilidade de pancadas de chuva. No centro-norte do CE e boa parte do MA e do PI: nublado com pancadas de chuva localmente forte. As temperaturas seguir\u00e3o est\u00e1veis. Nos pr\u00f3ximo s dois dias sol entre nuvens com maior condi\u00e7\u00e3o de chuva no oeste e norte da Regi\u00e3o.<\/p>\n<p>O Centro de Previs\u00e3o de Tempo e Estudos Clim\u00e1ticos \u2013 CPTEC, do Instituto Nacional de Pesquisas Espaciais \u2013 INPE \u00e9 o passaporte do Brasil para o primeiro mundo das previs\u00f5es meteorol\u00f3gicas. Os supercomputadores vetoriais SX-6 e SX-4 fabricados pela NEC Corporation do Jap\u00e3o, possuem capacidade de processar at\u00e9 768 bilh\u00f5es e 16 bilh\u00f5es de opera\u00e7\u00f5es aritm\u00e9ticas em ponto flutuante por segundo respectivamente. Recentemente adquirido da \u201cNEC Corporation do Jap\u00e3o\u201d um cluster com 1100 processadores fabricado pela \u201cSUN Microsystem\u201d com a capacidade de processar at\u00e9 5.7 trilh\u00f5es de opera\u00e7\u00f5es aritm\u00e9ticas em ponto flutuante por segundo. Isso significa possibilidade de utilizar modelos num\u00e9ricos para simula\u00e7\u00e3o de tempo e clima, integrando informa\u00e7\u00f5es atmosf\u00e9ricas e oce\u00e2nicas. O resultado disso s\u00e3o previs\u00f5es de tempo confi\u00e1veis, para todo o pa\u00eds.\u00a0<\/p>\n<p>Previs\u00e3o do tempo CPTEC\/INPE<\/p>\n","protected":false},"excerpt":{"rendered":"<p>Previs\u00e3o do tempo na Regi\u00e3o Nordeste em 13\/12\/2009: No sul e oeste da BA, no MA, no centro-norte do PI e de PE, no CE, na PB e no RS: sol com nebulosidade vari\u00e1vel e pancadas de chuva. No sul do PI e de PE e no norte da BA: sol com nebulosidade vari\u00e1vel e [&hellip;]<\/p>\n","protected":false},"author":3,"featured_media":0,"comment_status":"open","ping_status":"open","sticky":false,"template":"","format":"standard","meta":{"tdm_status":"","tdm_grid_status":"","footnotes":""},"categories":[327],"tags":[],"class_list":{"0":"post-19873","1":"post","2":"type-post","3":"status-publish","4":"format-standard","6":"category-clima"},"_links":{"self":[{"href":"https:\/\/migracao.redenoticia.com.br\/noticia\/wp-json\/wp\/v2\/posts\/19873","targetHints":{"allow":["GET"]}}],"collection":[{"href":"https:\/\/migracao.redenoticia.com.br\/noticia\/wp-json\/wp\/v2\/posts"}],"about":[{"href":"https:\/\/migracao.redenoticia.com.br\/noticia\/wp-json\/wp\/v2\/types\/post"}],"author":[{"embeddable":true,"href":"https:\/\/migracao.redenoticia.com.br\/noticia\/wp-json\/wp\/v2\/users\/3"}],"replies":[{"embeddable":true,"href":"https:\/\/migracao.redenoticia.com.br\/noticia\/wp-json\/wp\/v2\/comments?post=19873"}],"version-history":[{"count":0,"href":"https:\/\/migracao.redenoticia.com.br\/noticia\/wp-json\/wp\/v2\/posts\/19873\/revisions"}],"wp:attachment":[{"href":"https:\/\/migracao.redenoticia.com.br\/noticia\/wp-json\/wp\/v2\/media?parent=19873"}],"wp:term":[{"taxonomy":"category","embeddable":true,"href":"https:\/\/migracao.redenoticia.com.br\/noticia\/wp-json\/wp\/v2\/categories?post=19873"},{"taxonomy":"post_tag","embeddable":true,"href":"https:\/\/migracao.redenoticia.com.br\/noticia\/wp-json\/wp\/v2\/tags?post=19873"}],"curies":[{"name":"wp","href":"https:\/\/api.w.org\/{rel}","templated":true}]}}