{"id":19875,"date":"2009-12-12T16:24:25","date_gmt":"2009-12-12T20:24:25","guid":{"rendered":"http:\/\/www.redenoticia.com.br\/noticia\/?p=19875"},"modified":"2009-12-12T16:24:25","modified_gmt":"2009-12-12T20:24:25","slug":"previsao-do-tempo-no-vale-do-paraiba-de-13-a-1512","status":"publish","type":"post","link":"https:\/\/migracao.redenoticia.com.br\/noticia\/2009\/previsao-do-tempo-no-vale-do-paraiba-de-13-a-1512\/19875","title":{"rendered":"Previs\u00e3o do tempo no Vale do Para\u00edba de 13 a 15\/12"},"content":{"rendered":"<p><img loading=\"lazy\" decoding=\"async\" class=\"alignleft size-full wp-image-19870\" title=\"previsao do tempo 13 12\" src=\"https:\/\/migracao.redenoticia.com.br\/noticia\/imagens\/previsao-do-tempo-13-12.jpg\" alt=\"previsao do tempo 13 12\" width=\"300\" height=\"193\" srcset=\"https:\/\/migracao.redenoticia.com.br\/noticia\/imagens\/previsao-do-tempo-13-12.jpg 300w, https:\/\/migracao.redenoticia.com.br\/noticia\/imagens\/previsao-do-tempo-13-12-250x160.jpg 250w, https:\/\/migracao.redenoticia.com.br\/noticia\/imagens\/previsao-do-tempo-13-12-150x96.jpg 150w\" sizes=\"auto, (max-width: 300px) 100vw, 300px\" \/>A <strong><em>previs\u00e3o do tempo no Vale do Para\u00edba<\/em><\/strong>, Litoral Norte e Serra da Mantiqueira indica que neste domingo (13\/12), ser\u00e1 um dia nublado com per\u00edodos de chuva na regi\u00e3o. A temperatura sofrer\u00e1 um decl\u00ednio devido a passagem de uma frente fria pelo Litoral. O mar dever\u00e1 ficar agitado e o dia ventoso no litoral.\u00a0<\/p>\n<p>Tend\u00eancia para os pr\u00f3ximos dias: Na segunda-feira (14\/12), haver\u00e1 varia\u00e7\u00e3o de nebulosidade e chuvas isoladas na regi\u00e3o. No Litoral Norte haver\u00e1 mais nuvens, mas a chuva tamb\u00e9m dever\u00e1 ser mais localizada. A temperatura na madrugada ficar\u00e1 levemente mais baixa e entrar\u00e1 em gradativa eleva\u00e7\u00e3o ao longo do dia.<br \/>\nNa ter\u00e7a-feira (15\/12), o dia ainda ficar\u00e1 com varia\u00e7\u00e3o de nebulosidade e com chuvas isoladas no Litoral Norte. Nas demais \u00e1reas da regi\u00e3o ser\u00e1 um dia com varia\u00e7\u00e3o de nebulosidade e possibilidade de pancadas de chuva localizadas. A temperatura seguir\u00e1 em eleva\u00e7\u00e3o.<\/p>\n<p>O Centro de Previs\u00e3o de Tempo e Estudos Clim\u00e1ticos \u2013 CPTEC, do Instituto Nacional de Pesquisas Espaciais \u2013 INPE \u00e9 o passaporte do Brasil para o primeiro mundo das previs\u00f5es meteorol\u00f3gicas. Os supercomputadores vetoriais SX-6 e SX-4 fabricados pela NEC Corporation do Jap\u00e3o, possuem capacidade de processar at\u00e9 768 bilh\u00f5es e 16 bilh\u00f5es de opera\u00e7\u00f5es aritm\u00e9ticas em ponto flutuante por segundo respectivamente. Recentemente adquirido da \u201cNEC Corporation do Jap\u00e3o\u201d um cluster com 1100 processadores fabricado pela \u201cSUN Microsystem\u201d com a capacidade de processar at\u00e9 5.7 trilh\u00f5es de opera\u00e7\u00f5es aritm\u00e9ticas em ponto flutuante por segundo. Isso significa possibilidade de utilizar modelos num\u00e9ricos para simula\u00e7\u00e3o de tempo e clima, integrando informa\u00e7\u00f5es atmosf\u00e9ricas e oce\u00e2nicas. O resultado disso s\u00e3o previs\u00f5es de tempo confi\u00e1veis, para todo o pa\u00eds.\u00a0<\/p>\n<p>Previs\u00e3o do tempo CPTEC\/INPE<\/p>\n","protected":false},"excerpt":{"rendered":"<p>A previs\u00e3o do tempo no Vale do Para\u00edba, Litoral Norte e Serra da Mantiqueira indica que neste domingo (13\/12), ser\u00e1 um dia nublado com per\u00edodos de chuva na regi\u00e3o. A temperatura sofrer\u00e1 um decl\u00ednio devido a passagem de uma frente fria pelo Litoral. O mar dever\u00e1 ficar agitado e o dia ventoso no litoral.\u00a0 Tend\u00eancia [&hellip;]<\/p>\n","protected":false},"author":3,"featured_media":0,"comment_status":"open","ping_status":"open","sticky":false,"template":"","format":"standard","meta":{"tdm_status":"","tdm_grid_status":"","footnotes":""},"categories":[327],"tags":[],"class_list":{"0":"post-19875","1":"post","2":"type-post","3":"status-publish","4":"format-standard","6":"category-clima"},"_links":{"self":[{"href":"https:\/\/migracao.redenoticia.com.br\/noticia\/wp-json\/wp\/v2\/posts\/19875","targetHints":{"allow":["GET"]}}],"collection":[{"href":"https:\/\/migracao.redenoticia.com.br\/noticia\/wp-json\/wp\/v2\/posts"}],"about":[{"href":"https:\/\/migracao.redenoticia.com.br\/noticia\/wp-json\/wp\/v2\/types\/post"}],"author":[{"embeddable":true,"href":"https:\/\/migracao.redenoticia.com.br\/noticia\/wp-json\/wp\/v2\/users\/3"}],"replies":[{"embeddable":true,"href":"https:\/\/migracao.redenoticia.com.br\/noticia\/wp-json\/wp\/v2\/comments?post=19875"}],"version-history":[{"count":0,"href":"https:\/\/migracao.redenoticia.com.br\/noticia\/wp-json\/wp\/v2\/posts\/19875\/revisions"}],"wp:attachment":[{"href":"https:\/\/migracao.redenoticia.com.br\/noticia\/wp-json\/wp\/v2\/media?parent=19875"}],"wp:term":[{"taxonomy":"category","embeddable":true,"href":"https:\/\/migracao.redenoticia.com.br\/noticia\/wp-json\/wp\/v2\/categories?post=19875"},{"taxonomy":"post_tag","embeddable":true,"href":"https:\/\/migracao.redenoticia.com.br\/noticia\/wp-json\/wp\/v2\/tags?post=19875"}],"curies":[{"name":"wp","href":"https:\/\/api.w.org\/{rel}","templated":true}]}}