{"id":19877,"date":"2009-12-12T16:25:25","date_gmt":"2009-12-12T20:25:25","guid":{"rendered":"http:\/\/www.redenoticia.com.br\/noticia\/?p=19877"},"modified":"2009-12-12T16:25:25","modified_gmt":"2009-12-12T20:25:25","slug":"previsao-do-tempo-na-regiao-sul-de-13-a-1512","status":"publish","type":"post","link":"https:\/\/migracao.redenoticia.com.br\/noticia\/2009\/previsao-do-tempo-na-regiao-sul-de-13-a-1512\/19877","title":{"rendered":"Previs\u00e3o do tempo na Regi\u00e3o Sul de 13 a 15\/12"},"content":{"rendered":"<p><strong><em><span style=\"font-style: normal; font-weight: normal;\"><img loading=\"lazy\" decoding=\"async\" class=\"alignleft size-full wp-image-19870\" title=\"previsao do tempo 13 12\" src=\"https:\/\/migracao.redenoticia.com.br\/noticia\/imagens\/previsao-do-tempo-13-12.jpg\" alt=\"previsao do tempo 13 12\" width=\"300\" height=\"193\" srcset=\"https:\/\/migracao.redenoticia.com.br\/noticia\/imagens\/previsao-do-tempo-13-12.jpg 300w, https:\/\/migracao.redenoticia.com.br\/noticia\/imagens\/previsao-do-tempo-13-12-250x160.jpg 250w, https:\/\/migracao.redenoticia.com.br\/noticia\/imagens\/previsao-do-tempo-13-12-150x96.jpg 150w\" sizes=\"auto, (max-width: 300px) 100vw, 300px\" \/><\/span>Previs\u00e3o do tempo na Regi\u00e3o Sul<\/em><\/strong> em 13\/12\/2009: No litoral do RS e litoral sul de SC: nublado com chuva. No leste e sudeste de SC e no leste do RS: nublado com chuva de forma isolada. Nas demais \u00e1reas: sol entre nuvens. As temperaturas estar\u00e3o em eleva\u00e7\u00e3o no oeste do RS. Temperatura m\u00e1xima: 28C no noroeste do PR. Temperatura m\u00ednima: 11C na Serra Geral.\u00a0<\/p>\n<p>Previs\u00e3o do tempo na Regi\u00e3o Sul em 14\/12\/2009: No litoral do PR e de SC: nublado com chuva de forma isolada. Nas demais \u00e1reas da Regi\u00e3o: sol entre poucas nuvens. As temperaturas m\u00ednimas estar\u00e3o em decl\u00ednio na Serra Catarinense.<br \/>\nPrevis\u00e3o do tempo na Regi\u00e3o Sul Tend\u00eancia: No sul do RS: sol com nebulosidade vari\u00e1vel com possibilidade de pancadas de chuva. Nas demais \u00e1reas: sol entre nuvens. As temperaturas estar\u00e3o est\u00e1veis. Na quarta e quinta-feira voltar\u00e1 a instabilidade sobre a Regi\u00e3o.<\/p>\n<p>O Centro de Previs\u00e3o de Tempo e Estudos Clim\u00e1ticos \u2013 CPTEC, do Instituto Nacional de Pesquisas Espaciais \u2013 INPE \u00e9 o passaporte do Brasil para o primeiro mundo das previs\u00f5es meteorol\u00f3gicas. Os supercomputadores vetoriais SX-6 e SX-4 fabricados pela NEC Corporation do Jap\u00e3o, possuem capacidade de processar at\u00e9 768 bilh\u00f5es e 16 bilh\u00f5es de opera\u00e7\u00f5es aritm\u00e9ticas em ponto flutuante por segundo respectivamente. Recentemente adquirido da \u201cNEC Corporation do Jap\u00e3o\u201d um cluster com 1100 processadores fabricado pela \u201cSUN Microsystem\u201d com a capacidade de processar at\u00e9 5.7 trilh\u00f5es de opera\u00e7\u00f5es aritm\u00e9ticas em ponto flutuante por segundo. Isso significa possibilidade de utilizar modelos num\u00e9ricos para simula\u00e7\u00e3o de tempo e clima, integrando informa\u00e7\u00f5es atmosf\u00e9ricas e oce\u00e2nicas. O resultado disso s\u00e3o previs\u00f5es de tempo confi\u00e1veis, para todo o pa\u00eds.\u00a0<\/p>\n<p>Previs\u00e3o do tempo CPTEC\/INPE    y&gt;<\/p>\n","protected":false},"excerpt":{"rendered":"<p>Previs\u00e3o do tempo na Regi\u00e3o Sul em 13\/12\/2009: No litoral do RS e litoral sul de SC: nublado com chuva. No leste e sudeste de SC e no leste do RS: nublado com chuva de forma isolada. Nas demais \u00e1reas: sol entre nuvens. As temperaturas estar\u00e3o em eleva\u00e7\u00e3o no oeste do RS. Temperatura m\u00e1xima: 28C [&hellip;]<\/p>\n","protected":false},"author":3,"featured_media":0,"comment_status":"open","ping_status":"open","sticky":false,"template":"","format":"standard","meta":{"tdm_status":"","tdm_grid_status":"","footnotes":""},"categories":[327],"tags":[],"class_list":{"0":"post-19877","1":"post","2":"type-post","3":"status-publish","4":"format-standard","6":"category-clima"},"_links":{"self":[{"href":"https:\/\/migracao.redenoticia.com.br\/noticia\/wp-json\/wp\/v2\/posts\/19877","targetHints":{"allow":["GET"]}}],"collection":[{"href":"https:\/\/migracao.redenoticia.com.br\/noticia\/wp-json\/wp\/v2\/posts"}],"about":[{"href":"https:\/\/migracao.redenoticia.com.br\/noticia\/wp-json\/wp\/v2\/types\/post"}],"author":[{"embeddable":true,"href":"https:\/\/migracao.redenoticia.com.br\/noticia\/wp-json\/wp\/v2\/users\/3"}],"replies":[{"embeddable":true,"href":"https:\/\/migracao.redenoticia.com.br\/noticia\/wp-json\/wp\/v2\/comments?post=19877"}],"version-history":[{"count":0,"href":"https:\/\/migracao.redenoticia.com.br\/noticia\/wp-json\/wp\/v2\/posts\/19877\/revisions"}],"wp:attachment":[{"href":"https:\/\/migracao.redenoticia.com.br\/noticia\/wp-json\/wp\/v2\/media?parent=19877"}],"wp:term":[{"taxonomy":"category","embeddable":true,"href":"https:\/\/migracao.redenoticia.com.br\/noticia\/wp-json\/wp\/v2\/categories?post=19877"},{"taxonomy":"post_tag","embeddable":true,"href":"https:\/\/migracao.redenoticia.com.br\/noticia\/wp-json\/wp\/v2\/tags?post=19877"}],"curies":[{"name":"wp","href":"https:\/\/api.w.org\/{rel}","templated":true}]}}