{"id":198942,"date":"2020-10-08T19:38:21","date_gmt":"2020-10-08T22:38:21","guid":{"rendered":"https:\/\/www.redenoticia.com.br\/noticia\/?p=198942"},"modified":"2020-10-08T19:38:21","modified_gmt":"2020-10-08T22:38:21","slug":"resumo-totalmente-demais-09-10-ultimo-capitulo","status":"publish","type":"post","link":"https:\/\/migracao.redenoticia.com.br\/noticia\/2020\/resumo-totalmente-demais-09-10-ultimo-capitulo\/198942","title":{"rendered":"Resumo \u201cTotalmente Demais\u201d 09\/10: \u00daltimo cap\u00edtulo"},"content":{"rendered":"<p> <img loading=\"lazy\" decoding=\"async\" class=\"aligncenter size-full wp-image-195457\" src=\"https:\/\/migracao.redenoticia.com.br\/noticia\/imagens\/totalmente-demais-eliza-arthur-carol-jonatas.jpg\" alt=\"\" width=\"1280\" height=\"720\" srcset=\"https:\/\/migracao.redenoticia.com.br\/noticia\/imagens\/totalmente-demais-eliza-arthur-carol-jonatas.jpg 1280w, https:\/\/migracao.redenoticia.com.br\/noticia\/imagens\/totalmente-demais-eliza-arthur-carol-jonatas-250x140.jpg 250w, https:\/\/migracao.redenoticia.com.br\/noticia\/imagens\/totalmente-demais-eliza-arthur-carol-jonatas-400x225.jpg 400w, https:\/\/migracao.redenoticia.com.br\/noticia\/imagens\/totalmente-demais-eliza-arthur-carol-jonatas-768x432.jpg 768w, https:\/\/migracao.redenoticia.com.br\/noticia\/imagens\/totalmente-demais-eliza-arthur-carol-jonatas-150x85.jpg 150w, https:\/\/migracao.redenoticia.com.br\/noticia\/imagens\/totalmente-demais-eliza-arthur-carol-jonatas-696x392.jpg 696w, https:\/\/migracao.redenoticia.com.br\/noticia\/imagens\/totalmente-demais-eliza-arthur-carol-jonatas-1068x601.jpg 1068w\" sizes=\"auto, (max-width: 1280px) 100vw, 1280px\" \/><\/p>\n<p><em><strong>Resumo da novela \u201cTotalmente Demais\u201d<\/strong><\/em> em 09\/10: no cap\u00edtulo 166(*) da novela, Arthur diz para Jonatas que percebeu que ele e Eliza sempre se amaram e que devem ficar juntos. Carolina e Arthur passam uma noite juntos e avaliam a possibilidade de retomar o namoro. Os dois passeiam com Gabriel na praia e voltam a frequentar o bistr\u00f4 preferido deles. Jonatas embarca para Paris com Eliza. Na capital francesa, Jonatas consegue parcerias para a Bastille.<\/p>\n<p>Na festa de lan\u00e7amento da exposi\u00e7\u00e3o de Jamaica, Germano e Fabinho comentam a vida do casal em Paris. Max encontra o primo de Adele. Max posiciona Lu diante da principal obra de Jamaica, em sua homenagem. A obra \u00e9 uma esp\u00e9cie de colagem de coisas roubadas da Lu. Lu beija Jamaica. Max puxa as palmas e todos aplaudem.<\/p>\n<p>(*) edi\u00e7\u00e3o das novelas da Globo, \u201cTotalmente Demais\u201d, sujeito a altera\u00e7\u00e3o de data e conte\u00fado.<\/p>\n<p>Sinopse \u201cTotalmente Demais\u201d: Eliza (Marina Ruy Barbosa) \u00e9 uma jovem de 18 anos que foge de casa, em Campo Claro, cidade fict\u00edcia do interior fluminense, ap\u00f3s ser assediada por parte do seu padrasto Dino (Paulo Rocha). Ela n\u00e3o conheceu o pai, e sua m\u00e3e, Gilda (Leona Cavalli), diz que ele era um caminhoneiro que foi embora nas estradas. O sonho dela \u00e9 conhecer esse pai e tirar a fam\u00edlia da situa\u00e7\u00e3o dif\u00edcil em que vivem. A m\u00e3e se casou com o Dino e teve mais dois filhos.<\/p>\n<p>Quando Eliza era crian\u00e7a, se dava bem com Dino, mas depois que cresceu come\u00e7ou a bater muito de frente com o padrasto. Assim que ela chega ao Rio de Janeiro, ela vai para uma pens\u00e3o, mas \u00e9 roubada. Sem op\u00e7\u00e3o, a jovem passa a morar nas ruas, e conhece Jonatas (Felipe Simas), que vende balas nos sem\u00e1foros da Lapa para ajudar sua fam\u00edlia, que vive na zona oeste da capital fluminense.<\/p>\n","protected":false},"excerpt":{"rendered":"<p>Resumo da novela \u201cTotalmente Demais\u201d em 09\/10: no cap\u00edtulo 166(*) da novela, Arthur diz para Jonatas que percebeu que ele e Eliza sempre se amaram e que devem ficar juntos. Carolina e Arthur passam uma noite juntos e avaliam a possibilidade de retomar o namoro. Os dois passeiam com Gabriel na praia e voltam a [&hellip;]<\/p>\n","protected":false},"author":2,"featured_media":197369,"comment_status":"closed","ping_status":"closed","sticky":false,"template":"","format":"standard","meta":{"tdm_status":"","tdm_grid_status":"","footnotes":""},"categories":[379,375,2025,343,556],"tags":[441],"class_list":{"0":"post-198942","1":"post","2":"type-post","3":"status-publish","4":"format-standard","5":"has-post-thumbnail","7":"category-novelas","8":"category-rede-globo","9":"category-resumo","10":"category-televisao","11":"category-totalmente-demais","12":"tag-resumo-do-dia"},"_links":{"self":[{"href":"https:\/\/migracao.redenoticia.com.br\/noticia\/wp-json\/wp\/v2\/posts\/198942","targetHints":{"allow":["GET"]}}],"collection":[{"href":"https:\/\/migracao.redenoticia.com.br\/noticia\/wp-json\/wp\/v2\/posts"}],"about":[{"href":"https:\/\/migracao.redenoticia.com.br\/noticia\/wp-json\/wp\/v2\/types\/post"}],"author":[{"embeddable":true,"href":"https:\/\/migracao.redenoticia.com.br\/noticia\/wp-json\/wp\/v2\/users\/2"}],"replies":[{"embeddable":true,"href":"https:\/\/migracao.redenoticia.com.br\/noticia\/wp-json\/wp\/v2\/comments?post=198942"}],"version-history":[{"count":0,"href":"https:\/\/migracao.redenoticia.com.br\/noticia\/wp-json\/wp\/v2\/posts\/198942\/revisions"}],"wp:featuredmedia":[{"embeddable":true,"href":"https:\/\/migracao.redenoticia.com.br\/noticia\/wp-json\/wp\/v2\/media\/197369"}],"wp:attachment":[{"href":"https:\/\/migracao.redenoticia.com.br\/noticia\/wp-json\/wp\/v2\/media?parent=198942"}],"wp:term":[{"taxonomy":"category","embeddable":true,"href":"https:\/\/migracao.redenoticia.com.br\/noticia\/wp-json\/wp\/v2\/categories?post=198942"},{"taxonomy":"post_tag","embeddable":true,"href":"https:\/\/migracao.redenoticia.com.br\/noticia\/wp-json\/wp\/v2\/tags?post=198942"}],"curies":[{"name":"wp","href":"https:\/\/api.w.org\/{rel}","templated":true}]}}