{"id":199026,"date":"2020-10-11T20:23:20","date_gmt":"2020-10-11T23:23:20","guid":{"rendered":"https:\/\/www.redenoticia.com.br\/noticia\/?p=199026"},"modified":"2020-10-11T20:23:20","modified_gmt":"2020-10-11T23:23:20","slug":"resumo-chiquititas-12-10-eduarda-estranha-a-demora-de-maria-cecilia","status":"publish","type":"post","link":"https:\/\/migracao.redenoticia.com.br\/noticia\/2020\/resumo-chiquititas-12-10-eduarda-estranha-a-demora-de-maria-cecilia\/199026","title":{"rendered":"Resumo \u201cChiquititas\u201d 12\/10: Eduarda estranha a demora de Maria Cec\u00edlia"},"content":{"rendered":"<p> <img loading=\"lazy\" decoding=\"async\" class=\"aligncenter size-full wp-image-195897\" src=\"https:\/\/migracao.redenoticia.com.br\/noticia\/imagens\/chiquititas-resumo-sinopse.jpg\" alt=\"\" width=\"1280\" height=\"720\" srcset=\"https:\/\/migracao.redenoticia.com.br\/noticia\/imagens\/chiquititas-resumo-sinopse.jpg 1280w, https:\/\/migracao.redenoticia.com.br\/noticia\/imagens\/chiquititas-resumo-sinopse-250x140.jpg 250w, https:\/\/migracao.redenoticia.com.br\/noticia\/imagens\/chiquititas-resumo-sinopse-400x225.jpg 400w, https:\/\/migracao.redenoticia.com.br\/noticia\/imagens\/chiquititas-resumo-sinopse-768x432.jpg 768w, https:\/\/migracao.redenoticia.com.br\/noticia\/imagens\/chiquititas-resumo-sinopse-150x85.jpg 150w, https:\/\/migracao.redenoticia.com.br\/noticia\/imagens\/chiquititas-resumo-sinopse-696x392.jpg 696w, https:\/\/migracao.redenoticia.com.br\/noticia\/imagens\/chiquititas-resumo-sinopse-1068x601.jpg 1068w\" sizes=\"auto, (max-width: 1280px) 100vw, 1280px\" \/><\/p>\n<p><strong><em>Resumo da novela \u201cChiquititas\u201d<\/em><\/strong> em 12\/10: no cap\u00edtulo 073(*) da novela, as meninas decidem ensaiar e Mili se preocupa por n\u00e3o saber que horas Duda ir\u00e1 chegar. Na mans\u00e3o, Valentina avisa o garoto que ele est\u00e1 atrasado para o concurso de dan\u00e7a. Duda recebe uma mensagem de Mili e responde para a garota que ir\u00e1 encontr\u00e1-la direto no concurso. Eduarda e Shirley tomam caf\u00e9 da manh\u00e3 e estranham a demora de Maria Cec\u00edlia. A mo\u00e7a acorda e diz para a m\u00e3e que n\u00e3o teve uma noite boa e sai para o trabalho. A m\u00e3e e a empregada estranham o comportamento de Maria Cec\u00edlia.<\/p>\n<p>No orfanato, todos se preparam para irem ao concurso de dan\u00e7a. Ao chegarem no teatro os \u00f3rf\u00e3os ficam encantados com o palco e a decora\u00e7\u00e3o. Os pequeninos s\u00e3o surpreendidos por Carol e Junior que os esperam no local. A gar\u00e7onete elogia o figurino de todos e acalma os \u00e2nimos dos pequeninos. Bia aconselha Pata aproveitar a distra\u00e7\u00e3o dos amigos para se vestir de menino. No mesmo momento, as Top 3 surgem e D\u00e9bora questiona Bia sobre o seu par. As chiquititas ficam encantadas com os figurinos das patricinhas. Preocupada, Mili pergunta para Junior se ele sabe onde Duda est\u00e1. O rapaz liga para o garoto para questionar sua demora. Mili fala com Duda e o menino diz que est\u00e1 saindo da mans\u00e3o e logo estar\u00e1 no local. Ao desligar o telefone, o menino afirma que Mili ter\u00e1 o susto que merece. No Caf\u00e9 Boutique, Leticia e Clarita aconselham Tobias e Beto a pararem de aceitar os trabalhos para Tom\u00e1s Ferraz.<\/p>\n<p>As amigas afirmam que o barista corre o risco de ser reconhecido. Beto sonha com o sucesso do fict\u00edcio cantor portugu\u00eas. Na sala de Jos\u00e9 Ricardo, Maria Cec\u00edlia conversa com o empres\u00e1rio sobre a possibilidade de Armando ter uma promo\u00e7\u00e3o. Jos\u00e9 Ricardo estranha os elogios vindos da supervisora e a questiona. Irritado o empres\u00e1rio diz que quem deve fazer as escolhas da empresa \u00e9 ele. Nos bastidores do concurso, todos esperam ansiosamente para se apresentarem. A apresentadora (Carla Braga) da competi\u00e7\u00e3o d\u00e1 in\u00edcio ao 6\u00ba Concurso Dance Dance. Na plateia, Carol, Junior e Cintia esperam as pequeninas. A diretora aparenta estar com pressa e o casal estranha o comportamento de Cintia. Chico e Ernestina s\u00e3o os primeiros a se apresentarem. Os funcion\u00e1rios do orfanato acertam todos os passos da coreografia e ficam felizes com a participa\u00e7\u00e3o. Nos bastidores, Pata se veste de menino e Bia tenta escond\u00ea-la. D\u00e9bora, Priscila e Michele ao perceberem que a encrenqueira est\u00e1 acompanhada se aproximam.<\/p>\n<p>As patricinhas pedem para que Bia apresente Patrick, que na verdade \u00e9 Pata, mas Bia d\u00e1 um jeito de despistar as Top 3. Tati e Binho se apresentam, ao sa\u00edrem do palco todos os parabenizam. A pequenina pergunta para a irm\u00e3 sobre o que ela achou de sua apresenta\u00e7\u00e3o. Vivi diz que n\u00e3o viu a coreografia, pois estava ensaiando a sua. Tati fica triste com o descaso da irm\u00e3. D\u00e9bora se apresenta com seu par, dan\u00e7ando o mesmo ritmo de Cris e Rafa, ao espiarem os \u00f3rf\u00e3os percebem que a patricinha est\u00e1 dan\u00e7ando a mesma coreografia que o core\u00f3grafo Ulisses Franco (Fernando Rocha) os ensinou. Cris diz a Rafa que quer desistir, pois D\u00e9bora roubou a coreografia deles. Irritado, o garoto vai tirar satisfa\u00e7\u00f5es com a patricinha. D\u00e9bora se faz de desentendida e finge n\u00e3o saber o que os pequeninos est\u00e3o dizendo. Nos bastidores, Vivi ensaia o tempo todo quando torce o seu p\u00e9. Chico tenta ajud\u00e1-la, mas percebe que a menina est\u00e1 com dor e que seu tornozelo est\u00e1 inchado. O cozinheiro d\u00e1 a noticia para a pequenina, que fica chateada e irritada por n\u00e3o poder mais participar do concurso.<\/p>\n<p>Chateada, Cris n\u00e3o sabe se ir\u00e1 dan\u00e7ar e Rafa tenta consolar a amiga. D\u00e9bora chama Priscila para conversar e lembra a amiga para que fa\u00e7a o que combinaram. A patricinha \u00e9 chamada no palco para a sua apresenta\u00e7\u00e3o. Carol resolve ver como est\u00e3o as crian\u00e7as nos bastidores. Ao chegar no local, Cris desabafa com a gar\u00e7onete. Carol tenta tranquilizar os pequeninos e os aconselha a n\u00e3o desistirem e participarem do concurso. Cris e Rafa escutam a mo\u00e7a e decidem dan\u00e7ar. Ao terminar sua apresenta\u00e7\u00e3o, Priscila joga \u00f3leo no palco. A apresentadora chama Cris e Rafa para se apresentarem. Durante a competi\u00e7\u00e3o, Cris escorrega no \u00f3leo e quase cai, mas Rafa consegue pegar a garota e reverter toda a situa\u00e7\u00e3o. A dupla \u00e9 aplaudida pela plateia. D\u00e9bora e Priscila ficam irritadas pelo plano ter falhado. Mili se preocupa cada vez mais com a demora de Duda e Mosca observa a garota.<\/p>\n<p>(*) edi\u00e7\u00e3o das novelas do SBT, \u201cChiquititas\u201d, sujeito a altera\u00e7\u00e3o de data e conte\u00fado.<\/p>\n","protected":false},"excerpt":{"rendered":"<p>Resumo da novela \u201cChiquititas\u201d em 12\/10: no cap\u00edtulo 073(*) da novela, as meninas decidem ensaiar e Mili se preocupa por n\u00e3o saber que horas Duda ir\u00e1 chegar. Na mans\u00e3o, Valentina avisa o garoto que ele est\u00e1 atrasado para o concurso de dan\u00e7a. Duda recebe uma mensagem de Mili e responde para a garota que ir\u00e1 [&hellip;]<\/p>\n","protected":false},"author":2,"featured_media":195894,"comment_status":"closed","ping_status":"closed","sticky":false,"template":"","format":"standard","meta":{"tdm_status":"","tdm_grid_status":"","footnotes":""},"categories":[409,379,2025,372,343],"tags":[441],"class_list":{"0":"post-199026","1":"post","2":"type-post","3":"status-publish","4":"format-standard","5":"has-post-thumbnail","7":"category-chiquititas","8":"category-novelas","9":"category-resumo","10":"category-sbt","11":"category-televisao","12":"tag-resumo-do-dia"},"_links":{"self":[{"href":"https:\/\/migracao.redenoticia.com.br\/noticia\/wp-json\/wp\/v2\/posts\/199026","targetHints":{"allow":["GET"]}}],"collection":[{"href":"https:\/\/migracao.redenoticia.com.br\/noticia\/wp-json\/wp\/v2\/posts"}],"about":[{"href":"https:\/\/migracao.redenoticia.com.br\/noticia\/wp-json\/wp\/v2\/types\/post"}],"author":[{"embeddable":true,"href":"https:\/\/migracao.redenoticia.com.br\/noticia\/wp-json\/wp\/v2\/users\/2"}],"replies":[{"embeddable":true,"href":"https:\/\/migracao.redenoticia.com.br\/noticia\/wp-json\/wp\/v2\/comments?post=199026"}],"version-history":[{"count":0,"href":"https:\/\/migracao.redenoticia.com.br\/noticia\/wp-json\/wp\/v2\/posts\/199026\/revisions"}],"wp:featuredmedia":[{"embeddable":true,"href":"https:\/\/migracao.redenoticia.com.br\/noticia\/wp-json\/wp\/v2\/media\/195894"}],"wp:attachment":[{"href":"https:\/\/migracao.redenoticia.com.br\/noticia\/wp-json\/wp\/v2\/media?parent=199026"}],"wp:term":[{"taxonomy":"category","embeddable":true,"href":"https:\/\/migracao.redenoticia.com.br\/noticia\/wp-json\/wp\/v2\/categories?post=199026"},{"taxonomy":"post_tag","embeddable":true,"href":"https:\/\/migracao.redenoticia.com.br\/noticia\/wp-json\/wp\/v2\/tags?post=199026"}],"curies":[{"name":"wp","href":"https:\/\/api.w.org\/{rel}","templated":true}]}}