{"id":199032,"date":"2020-10-11T20:28:45","date_gmt":"2020-10-11T23:28:45","guid":{"rendered":"https:\/\/www.redenoticia.com.br\/noticia\/?p=199032"},"modified":"2020-10-11T20:28:45","modified_gmt":"2020-10-11T23:28:45","slug":"resumo-lacos-de-familia-12-10-pedro-mostra-se-encantado-com-camila","status":"publish","type":"post","link":"https:\/\/migracao.redenoticia.com.br\/noticia\/2020\/resumo-lacos-de-familia-12-10-pedro-mostra-se-encantado-com-camila\/199032","title":{"rendered":"Resumo \u201cLa\u00e7os de Fam\u00edlia\u201d 12\/10: Pedro mostra-se encantado com Camila"},"content":{"rendered":"<p> <img loading=\"lazy\" decoding=\"async\" class=\"aligncenter size-full wp-image-197365\" src=\"https:\/\/migracao.redenoticia.com.br\/noticia\/imagens\/lacos-de-familia-resumo-sinopse-elenco-helena-camila-edu.jpg\" alt=\"\" width=\"1280\" height=\"720\" srcset=\"https:\/\/migracao.redenoticia.com.br\/noticia\/imagens\/lacos-de-familia-resumo-sinopse-elenco-helena-camila-edu.jpg 1280w, https:\/\/migracao.redenoticia.com.br\/noticia\/imagens\/lacos-de-familia-resumo-sinopse-elenco-helena-camila-edu-250x140.jpg 250w, https:\/\/migracao.redenoticia.com.br\/noticia\/imagens\/lacos-de-familia-resumo-sinopse-elenco-helena-camila-edu-400x225.jpg 400w, https:\/\/migracao.redenoticia.com.br\/noticia\/imagens\/lacos-de-familia-resumo-sinopse-elenco-helena-camila-edu-768x432.jpg 768w, https:\/\/migracao.redenoticia.com.br\/noticia\/imagens\/lacos-de-familia-resumo-sinopse-elenco-helena-camila-edu-150x85.jpg 150w\" sizes=\"auto, (max-width: 1280px) 100vw, 1280px\" \/><\/p>\n<p><em><strong>Resumo da novela \u201cLa\u00e7os de Fam\u00edlia\u201d<\/strong><\/em> em 12\/10: no cap\u00edtulo 026(*) da novela, Rachel \u00e9 levada para o hospital. Alma, magoada, anda pelo quarto vazio do sobrinho. Cleyde e Gl\u00f3ria veem Edu e Camila juntos no haras. Camila escolhe o seu cavalo e d\u00e1-lhe o nome de Quixote. Pedro mostra-se encantado com ela todo o tempo. Viriato sente-se culpado por n\u00e3o ter apanhado a filha na escola. Helena conforta os amigos. <\/p>\n<p>Camila sente-se mal por estar saindo com Edu. Rachel est\u00e1 com hemorragia digestiva e precisa ser operada. Tide sofre muito. Angustiada, Helena procura Miguel, que acalma-a. Alma vibra ao saber do casalzinho no haras. Edu e Camila, cada um em sua casa, leem o mesmo poema. Yvete chora olhando para a filha, que dorme.<\/p>\n<p>(*) edi\u00e7\u00e3o das novelas da Globo, \u201cLa\u00e7os de Fam\u00edlia\u201d, sujeito a altera\u00e7\u00e3o de data e conte\u00fado.<\/p>\n<p>Sinopse &#8220;La\u00e7os de Fam\u00edlia&#8221;: Helena (Vera Fischer) est\u00e1 a caminho da praia quando seu carro se choca com o do jovem m\u00e9dico Edu (Reynaldo Gianecchini). De in\u00edcio os dois se estranham, mas depois acabam se envolvendo. O acidente acontece em frente \u00e0 livraria Dom Casmurro, de propriedade de Miguel (Tony Ramos), que se encanta imediatamente por ela. Helena \u00e9 m\u00e3e de Camila (Carolina Dieckmann). Com o tempo, Camila descobre que est\u00e1 apaixonada por Edu e que \u00e9 correspondida.<\/p>\n","protected":false},"excerpt":{"rendered":"<p>Resumo da novela \u201cLa\u00e7os de Fam\u00edlia\u201d em 12\/10: no cap\u00edtulo 026(*) da novela, Rachel \u00e9 levada para o hospital. Alma, magoada, anda pelo quarto vazio do sobrinho. Cleyde e Gl\u00f3ria veem Edu e Camila juntos no haras. Camila escolhe o seu cavalo e d\u00e1-lhe o nome de Quixote. Pedro mostra-se encantado com ela todo o [&hellip;]<\/p>\n","protected":false},"author":2,"featured_media":197366,"comment_status":"closed","ping_status":"closed","sticky":false,"template":"","format":"standard","meta":{"tdm_status":"","tdm_grid_status":"","footnotes":""},"categories":[2061,379,375,2025,343],"tags":[441],"class_list":{"0":"post-199032","1":"post","2":"type-post","3":"status-publish","4":"format-standard","5":"has-post-thumbnail","7":"category-lacos-de-familia","8":"category-novelas","9":"category-rede-globo","10":"category-resumo","11":"category-televisao","12":"tag-resumo-do-dia"},"_links":{"self":[{"href":"https:\/\/migracao.redenoticia.com.br\/noticia\/wp-json\/wp\/v2\/posts\/199032","targetHints":{"allow":["GET"]}}],"collection":[{"href":"https:\/\/migracao.redenoticia.com.br\/noticia\/wp-json\/wp\/v2\/posts"}],"about":[{"href":"https:\/\/migracao.redenoticia.com.br\/noticia\/wp-json\/wp\/v2\/types\/post"}],"author":[{"embeddable":true,"href":"https:\/\/migracao.redenoticia.com.br\/noticia\/wp-json\/wp\/v2\/users\/2"}],"replies":[{"embeddable":true,"href":"https:\/\/migracao.redenoticia.com.br\/noticia\/wp-json\/wp\/v2\/comments?post=199032"}],"version-history":[{"count":0,"href":"https:\/\/migracao.redenoticia.com.br\/noticia\/wp-json\/wp\/v2\/posts\/199032\/revisions"}],"wp:featuredmedia":[{"embeddable":true,"href":"https:\/\/migracao.redenoticia.com.br\/noticia\/wp-json\/wp\/v2\/media\/197366"}],"wp:attachment":[{"href":"https:\/\/migracao.redenoticia.com.br\/noticia\/wp-json\/wp\/v2\/media?parent=199032"}],"wp:term":[{"taxonomy":"category","embeddable":true,"href":"https:\/\/migracao.redenoticia.com.br\/noticia\/wp-json\/wp\/v2\/categories?post=199032"},{"taxonomy":"post_tag","embeddable":true,"href":"https:\/\/migracao.redenoticia.com.br\/noticia\/wp-json\/wp\/v2\/tags?post=199032"}],"curies":[{"name":"wp","href":"https:\/\/api.w.org\/{rel}","templated":true}]}}