{"id":199037,"date":"2020-10-11T20:31:22","date_gmt":"2020-10-11T23:31:22","guid":{"rendered":"https:\/\/www.redenoticia.com.br\/noticia\/?p=199037"},"modified":"2020-10-11T20:31:22","modified_gmt":"2020-10-11T23:31:22","slug":"resumo-o-que-a-vida-me-roubou-12-10-jose-luis-devolve-a-liberdade-a-montserrat","status":"publish","type":"post","link":"https:\/\/migracao.redenoticia.com.br\/noticia\/2020\/resumo-o-que-a-vida-me-roubou-12-10-jose-luis-devolve-a-liberdade-a-montserrat\/199037","title":{"rendered":"Resumo \u201cO Que A Vida Me Roubou\u201d 12\/10: Jos\u00e9 Lu\u00eds devolve a liberdade a Montserrat"},"content":{"rendered":"<p> <img loading=\"lazy\" decoding=\"async\" class=\"aligncenter size-full wp-image-195880\" src=\"https:\/\/migracao.redenoticia.com.br\/noticia\/imagens\/o-que-a-vida-me-roubou-resumo-sinopse.jpg\" alt=\"\" width=\"1280\" height=\"720\" srcset=\"https:\/\/migracao.redenoticia.com.br\/noticia\/imagens\/o-que-a-vida-me-roubou-resumo-sinopse.jpg 1280w, https:\/\/migracao.redenoticia.com.br\/noticia\/imagens\/o-que-a-vida-me-roubou-resumo-sinopse-250x140.jpg 250w, https:\/\/migracao.redenoticia.com.br\/noticia\/imagens\/o-que-a-vida-me-roubou-resumo-sinopse-400x225.jpg 400w, https:\/\/migracao.redenoticia.com.br\/noticia\/imagens\/o-que-a-vida-me-roubou-resumo-sinopse-768x432.jpg 768w, https:\/\/migracao.redenoticia.com.br\/noticia\/imagens\/o-que-a-vida-me-roubou-resumo-sinopse-150x85.jpg 150w, https:\/\/migracao.redenoticia.com.br\/noticia\/imagens\/o-que-a-vida-me-roubou-resumo-sinopse-696x392.jpg 696w, https:\/\/migracao.redenoticia.com.br\/noticia\/imagens\/o-que-a-vida-me-roubou-resumo-sinopse-1068x601.jpg 1068w\" sizes=\"auto, (max-width: 1280px) 100vw, 1280px\" \/><\/p>\n<p><strong><em>Resumo da novela \u201cO Que A Vida Me Roubou\u201d<\/em><\/strong> em 12\/10: no cap\u00edtulo 126(*) da novela, Dem\u00e9trio e Renato est\u00e3o no Instituto M\u00e9dico Legal esperando a libera\u00e7\u00e3o do corpo de Pedro Medina quando chegam V\u00edtor e N\u00e1dia. Ela pede a V\u00edtor que pergunte ao m\u00e9dico se Pedro tinha os test\u00edculos mutilados e ele responde que sim. Jos\u00e9 Lu\u00eds procura Maria e pergunta se ela j\u00e1 tem tudo pronto para que Montserrat a flagre com Alessandro. Ela responde que sim e que ele s\u00f3 deve se preocupar que sua mulher chegue ao local do encontro. Padre Anselmo \u00e9 recebido na casa da fam\u00edlia Mendon\u00e7a e chega acompanhado de Ezequiel. Ros\u00e1rio, Alessandro, Montserrat e Laurinho se emocionam ao v\u00ea-lo e perguntam onde esteve durante todos esses anos. Adolfo fica surpreso ao saber que Padre Anselmo est\u00e1 vivo e procura Ezequiel para que lhe explique o motivo de ter escondido a verdade.<\/p>\n<p>Ezequiel debocha dele e diz que n\u00e3o precisa se preocupar, pois o que aconteceu est\u00e1 guardado como um segredo de confiss\u00e3o. Jos\u00e9 Lu\u00eds devolve a liberdade a Montserrat e diz que pode ficar com Alessandro se esse \u00e9 o seu desejo. Padre Anselmo vai at\u00e9 a delegacia para declarar que Alessandro \u00e9 filho de Benjamim Almonte, mas o juiz diz que seu depoimento n\u00e3o \u00e9 mais necess\u00e1rio. Montserrat fica emocionada com a atitude do marido e Jos\u00e9 Lu\u00eds agradece por ter se casado com ele.<\/p>\n<p>(*) edi\u00e7\u00e3o das novelas do SBT, \u201cO Que A Vida Me Roubou\u201d, sujeito a altera\u00e7\u00e3o de data e conte\u00fado.<\/p>\n<p>Sinopse \u201cO Que A Vida Me Roubou\u201d: A hist\u00f3ria se passa em \u00c1gua Azul, onde Montserrat vive. Montserrat \u00e9 uma bela jovem socialite que sempre foi dominada por sua m\u00e3e Graziela, cuja \u00fanica preocupa\u00e7\u00e3o \u00e9 o seu elevado estatuto na sociedade, mesmo que a fam\u00edlia esteja financeiramente arruinada. Montserrat, apesar de fazer tudo o que sua m\u00e3e diz-lhe, secretamente mant\u00e9m um relacionamento com Jos\u00e9 Luis da marinha, com quem planeja se casar.<\/p>\n","protected":false},"excerpt":{"rendered":"<p>Resumo da novela \u201cO Que A Vida Me Roubou\u201d em 12\/10: no cap\u00edtulo 126(*) da novela, Dem\u00e9trio e Renato est\u00e3o no Instituto M\u00e9dico Legal esperando a libera\u00e7\u00e3o do corpo de Pedro Medina quando chegam V\u00edtor e N\u00e1dia. Ela pede a V\u00edtor que pergunte ao m\u00e9dico se Pedro tinha os test\u00edculos mutilados e ele responde que [&hellip;]<\/p>\n","protected":false},"author":2,"featured_media":197370,"comment_status":"closed","ping_status":"closed","sticky":false,"template":"","format":"standard","meta":{"tdm_status":"","tdm_grid_status":"","footnotes":""},"categories":[379,2025,372,343],"tags":[441],"class_list":{"0":"post-199037","1":"post","2":"type-post","3":"status-publish","4":"format-standard","5":"has-post-thumbnail","7":"category-novelas","8":"category-resumo","9":"category-sbt","10":"category-televisao","11":"tag-resumo-do-dia"},"_links":{"self":[{"href":"https:\/\/migracao.redenoticia.com.br\/noticia\/wp-json\/wp\/v2\/posts\/199037","targetHints":{"allow":["GET"]}}],"collection":[{"href":"https:\/\/migracao.redenoticia.com.br\/noticia\/wp-json\/wp\/v2\/posts"}],"about":[{"href":"https:\/\/migracao.redenoticia.com.br\/noticia\/wp-json\/wp\/v2\/types\/post"}],"author":[{"embeddable":true,"href":"https:\/\/migracao.redenoticia.com.br\/noticia\/wp-json\/wp\/v2\/users\/2"}],"replies":[{"embeddable":true,"href":"https:\/\/migracao.redenoticia.com.br\/noticia\/wp-json\/wp\/v2\/comments?post=199037"}],"version-history":[{"count":0,"href":"https:\/\/migracao.redenoticia.com.br\/noticia\/wp-json\/wp\/v2\/posts\/199037\/revisions"}],"wp:featuredmedia":[{"embeddable":true,"href":"https:\/\/migracao.redenoticia.com.br\/noticia\/wp-json\/wp\/v2\/media\/197370"}],"wp:attachment":[{"href":"https:\/\/migracao.redenoticia.com.br\/noticia\/wp-json\/wp\/v2\/media?parent=199037"}],"wp:term":[{"taxonomy":"category","embeddable":true,"href":"https:\/\/migracao.redenoticia.com.br\/noticia\/wp-json\/wp\/v2\/categories?post=199037"},{"taxonomy":"post_tag","embeddable":true,"href":"https:\/\/migracao.redenoticia.com.br\/noticia\/wp-json\/wp\/v2\/tags?post=199037"}],"curies":[{"name":"wp","href":"https:\/\/api.w.org\/{rel}","templated":true}]}}