{"id":199067,"date":"2020-10-12T12:12:04","date_gmt":"2020-10-12T15:12:04","guid":{"rendered":"https:\/\/www.redenoticia.com.br\/noticia\/?p=199067"},"modified":"2020-10-12T12:12:04","modified_gmt":"2020-10-12T15:12:04","slug":"resumo-flor-do-caribe-13-10-alberto-se-encontra-com-dom-rafael","status":"publish","type":"post","link":"https:\/\/migracao.redenoticia.com.br\/noticia\/2020\/resumo-flor-do-caribe-13-10-alberto-se-encontra-com-dom-rafael\/199067","title":{"rendered":"Resumo \u201cFlor do Caribe\u201d 13\/10: Alberto se encontra com Dom Rafael"},"content":{"rendered":"<p><img loading=\"lazy\" decoding=\"async\" class=\"aligncenter size-full wp-image-197364\" src=\"https:\/\/migracao.redenoticia.com.br\/noticia\/imagens\/flor-do-caribe-resumo-novela.jpg\" alt=\"\" width=\"1280\" height=\"720\" srcset=\"https:\/\/migracao.redenoticia.com.br\/noticia\/imagens\/flor-do-caribe-resumo-novela.jpg 1280w, https:\/\/migracao.redenoticia.com.br\/noticia\/imagens\/flor-do-caribe-resumo-novela-250x140.jpg 250w, https:\/\/migracao.redenoticia.com.br\/noticia\/imagens\/flor-do-caribe-resumo-novela-400x225.jpg 400w, https:\/\/migracao.redenoticia.com.br\/noticia\/imagens\/flor-do-caribe-resumo-novela-768x432.jpg 768w, https:\/\/migracao.redenoticia.com.br\/noticia\/imagens\/flor-do-caribe-resumo-novela-150x85.jpg 150w\" sizes=\"auto, (max-width: 1280px) 100vw, 1280px\" \/><\/p>\n<p><em><strong>Resumo da novela \u201cFlor do Caribe\u201d<\/strong><\/em> em 13\/10: no cap\u00edtulo 038(*) da novela, Ester concorda em esperar Alberto voltar da viagem para falarem sobre o div\u00f3rcio. Marcia diz a Donato que a febre de Lipe tem origem emocional. Duque contrata Nicole para trabalhar no bar Flor do Caribe.<\/p>\n<p>Ta\u00eds flagra H\u00e9lio com outra mulher. H\u00e9lio deixa v\u00e1rios recados no celular de Ta\u00eds e diz que houve um mal-entendido. Cassiano fica preocupado depois que Ester conta que Alberto viajou. Alberto se encontra com Dom Rafael e pede ao mafioso que o livre de Cassiano.<\/p>\n<p>(*) edi\u00e7\u00e3o das novelas da Globo, \u201cFlor do Caribe\u201d, sujeito a altera\u00e7\u00e3o de data e conte\u00fado.<\/p>\n<p>Sinopse \u201cFlor do Caribe\u201d: A hist\u00f3ria se passa na fict\u00edcia Vila dos Ventos. Na novela, amigos de inf\u00e2ncia se tornam rivais por um grande amor. Cassiano (Henri Castelli), Ester (Grazi Massafera) e Alberto (Igor Rickli) s\u00e3o amigos de inf\u00e2ncia em Flor do Caribe. As temporadas de f\u00e9rias em Vila dos Ventos aproximaram os tr\u00eas, mas suas vidas seguiram caminhos distintos. Alberto se afasta por alguns anos para receber a forma\u00e7\u00e3o que lhe cabe como herdeiro do imp\u00e9rio constru\u00eddo pela fam\u00edlia Albuquerque, enquanto Ester e Cassiano vivem o amor que sentem um pelo outro e lutam para alcan\u00e7ar seus objetivos.<\/p>\n","protected":false},"excerpt":{"rendered":"<p>Resumo da novela \u201cFlor do Caribe\u201d em 13\/10: no cap\u00edtulo 038(*) da novela, Ester concorda em esperar Alberto voltar da viagem para falarem sobre o div\u00f3rcio. Marcia diz a Donato que a febre de Lipe tem origem emocional. Duque contrata Nicole para trabalhar no bar Flor do Caribe. Ta\u00eds flagra H\u00e9lio com outra mulher. H\u00e9lio [&hellip;]<\/p>\n","protected":false},"author":4,"featured_media":197363,"comment_status":"closed","ping_status":"closed","sticky":false,"template":"","format":"standard","meta":{"tdm_status":"","tdm_grid_status":"","footnotes":""},"categories":[2056,379,375,2025,343],"tags":[441],"class_list":{"0":"post-199067","1":"post","2":"type-post","3":"status-publish","4":"format-standard","5":"has-post-thumbnail","7":"category-flor-de-caribe","8":"category-novelas","9":"category-rede-globo","10":"category-resumo","11":"category-televisao","12":"tag-resumo-do-dia"},"_links":{"self":[{"href":"https:\/\/migracao.redenoticia.com.br\/noticia\/wp-json\/wp\/v2\/posts\/199067","targetHints":{"allow":["GET"]}}],"collection":[{"href":"https:\/\/migracao.redenoticia.com.br\/noticia\/wp-json\/wp\/v2\/posts"}],"about":[{"href":"https:\/\/migracao.redenoticia.com.br\/noticia\/wp-json\/wp\/v2\/types\/post"}],"author":[{"embeddable":true,"href":"https:\/\/migracao.redenoticia.com.br\/noticia\/wp-json\/wp\/v2\/users\/4"}],"replies":[{"embeddable":true,"href":"https:\/\/migracao.redenoticia.com.br\/noticia\/wp-json\/wp\/v2\/comments?post=199067"}],"version-history":[{"count":0,"href":"https:\/\/migracao.redenoticia.com.br\/noticia\/wp-json\/wp\/v2\/posts\/199067\/revisions"}],"wp:featuredmedia":[{"embeddable":true,"href":"https:\/\/migracao.redenoticia.com.br\/noticia\/wp-json\/wp\/v2\/media\/197363"}],"wp:attachment":[{"href":"https:\/\/migracao.redenoticia.com.br\/noticia\/wp-json\/wp\/v2\/media?parent=199067"}],"wp:term":[{"taxonomy":"category","embeddable":true,"href":"https:\/\/migracao.redenoticia.com.br\/noticia\/wp-json\/wp\/v2\/categories?post=199067"},{"taxonomy":"post_tag","embeddable":true,"href":"https:\/\/migracao.redenoticia.com.br\/noticia\/wp-json\/wp\/v2\/tags?post=199067"}],"curies":[{"name":"wp","href":"https:\/\/api.w.org\/{rel}","templated":true}]}}