{"id":199106,"date":"2020-10-13T11:59:26","date_gmt":"2020-10-13T14:59:26","guid":{"rendered":"https:\/\/www.redenoticia.com.br\/noticia\/?p=199106"},"modified":"2020-10-13T11:59:26","modified_gmt":"2020-10-13T14:59:26","slug":"resumo-quando-me-apaixono-14-10-augusto-descobre-que-roberta-nao-estava-gravida-de-jeronimo","status":"publish","type":"post","link":"https:\/\/migracao.redenoticia.com.br\/noticia\/2020\/resumo-quando-me-apaixono-14-10-augusto-descobre-que-roberta-nao-estava-gravida-de-jeronimo\/199106","title":{"rendered":"Resumo \u201cQuando me Apaixono\u201d 14\/10: Augusto descobre que Roberta n\u00e3o estava gr\u00e1vida de Jer\u00f4nimo"},"content":{"rendered":"<p><img loading=\"lazy\" decoding=\"async\" class=\"aligncenter size-full wp-image-195889\" src=\"https:\/\/migracao.redenoticia.com.br\/noticia\/imagens\/quando-me-apaixono-elenco.jpg\" alt=\"\" width=\"1280\" height=\"720\" srcset=\"https:\/\/migracao.redenoticia.com.br\/noticia\/imagens\/quando-me-apaixono-elenco.jpg 1280w, https:\/\/migracao.redenoticia.com.br\/noticia\/imagens\/quando-me-apaixono-elenco-250x140.jpg 250w, https:\/\/migracao.redenoticia.com.br\/noticia\/imagens\/quando-me-apaixono-elenco-400x225.jpg 400w, https:\/\/migracao.redenoticia.com.br\/noticia\/imagens\/quando-me-apaixono-elenco-768x432.jpg 768w, https:\/\/migracao.redenoticia.com.br\/noticia\/imagens\/quando-me-apaixono-elenco-150x85.jpg 150w, https:\/\/migracao.redenoticia.com.br\/noticia\/imagens\/quando-me-apaixono-elenco-696x392.jpg 696w, https:\/\/migracao.redenoticia.com.br\/noticia\/imagens\/quando-me-apaixono-elenco-1068x601.jpg 1068w\" sizes=\"auto, (max-width: 1280px) 100vw, 1280px\" \/><\/p>\n<p><strong><em>Resumo da novela \u201cQuando me Apaixono\u201d<\/em><\/strong> em 14\/10: no cap\u00edtulo 063(*) da novela, Renata est\u00e1 muito triste com o estado de sa\u00fade de sua amiga Adriana e, ao sair do quarto do hospital, encontra Augusto, que chegou para aproveitar a situa\u00e7\u00e3o e confortar Renata. Jer\u00f4nimo est\u00e1 muito contrariado porque sabe que Augusto est\u00e1 a tirar partido da situa\u00e7\u00e3o. Josefina chega em casa e rasga todas as provas que estavam com o ex-amante.<\/p>\n<p>Roberta fica muito chateada porque conversa com Matias e pede que eles tentem de novo, longe de tudo e de todos, mas o jovem fica muito decepcionado com ela e a rejeita. Constan\u00e7a vai com Hon\u00f3rio ao apartamento de Adriana, para apoi\u00e1-lo e preparar algo para comer, ent\u00e3o, quando ele agradece a companhia, ela decide ir embora.<\/p>\n<p>Gon\u00e7alo e Regina jantam juntos e, quando ele vai deixar a namorada em casa, eles se beijam. De repente Ant\u00f4nio chega e se irrita por v\u00ea-los t\u00e3o carinhosos, ent\u00e3o o ferido diz a Sober\u00f3n que nunca vai lhe contar a not\u00edcia que tinha.<\/p>\n<p>Adriana sai de perigo e isso deixa a fam\u00edlia muito feliz. Matias decide sair de casa e Roberta n\u00e3o suporta seu desprezo. Selene espera por Augusto em seu hotel e eles t\u00eam privacidade, ent\u00e3o, no dia seguinte, ele pergunta a ela sobre Roberta e sem querer ela revela que o pai do filho da irm\u00e3 de Renata era Rafael. Por sua vez, Branca move uma a\u00e7\u00e3o contra as empresas Monterrubio e o faz com outro nome.<\/p>\n<p>(*) edi\u00e7\u00e3o das novelas do SBT, \u201cQuando me Apaixono \u201d, sujeito a altera\u00e7\u00e3o de data e conte\u00fado.<\/p>\n<p>Sinopse \u201cQuando me Apaixono\u201d: A hist\u00f3ria come\u00e7a com o nascimento de duas meninas, Regina e Roberta; ambas s\u00e3o filhas de Roberto Gamba (Sebasti\u00e1n Rulli), mas de m\u00e3es diferentes. Enquanto Regina \u00e9 filha de Regina Sober\u00f3n Gamba (Lidia \u00c1vila\/Julieta Rosen), a esposa leg\u00edtima de Roberto, Roberta \u00e9 filha de Josefina &#8220;Pepa&#8221; \u00c1lvarez Mart\u00ednez (Margarita Maga\u00f1a\/Roc\u00edo Banquells), a amante de Roberto.<\/p>\n<p>Quando Roberto diz a Pepa que n\u00e3o vai deixar sua esposa e sua filha Regina, aquela, cheia de raiva depois de causar a morte de Roberto, decide raptar a filha de Regina para se vingar dela e faz\u00ea-la sofrer. Pepa muda o nome de Regina para Renata e foge com as duas meninas, deixando Regina despeda\u00e7ada pela perda de sua filha.<\/p>\n","protected":false},"excerpt":{"rendered":"<p>Resumo da novela \u201cQuando me Apaixono\u201d em 14\/10: no cap\u00edtulo 063(*) da novela, Renata est\u00e1 muito triste com o estado de sa\u00fade de sua amiga Adriana e, ao sair do quarto do hospital, encontra Augusto, que chegou para aproveitar a situa\u00e7\u00e3o e confortar Renata. Jer\u00f4nimo est\u00e1 muito contrariado porque sabe que Augusto est\u00e1 a tirar [&hellip;]<\/p>\n","protected":false},"author":4,"featured_media":195893,"comment_status":"closed","ping_status":"closed","sticky":false,"template":"","format":"standard","meta":{"tdm_status":"","tdm_grid_status":"","footnotes":""},"categories":[379,2028,2025,372,343],"tags":[441],"class_list":{"0":"post-199106","1":"post","2":"type-post","3":"status-publish","4":"format-standard","5":"has-post-thumbnail","7":"category-novelas","8":"category-quando-me-apaixono","9":"category-resumo","10":"category-sbt","11":"category-televisao","12":"tag-resumo-do-dia"},"_links":{"self":[{"href":"https:\/\/migracao.redenoticia.com.br\/noticia\/wp-json\/wp\/v2\/posts\/199106","targetHints":{"allow":["GET"]}}],"collection":[{"href":"https:\/\/migracao.redenoticia.com.br\/noticia\/wp-json\/wp\/v2\/posts"}],"about":[{"href":"https:\/\/migracao.redenoticia.com.br\/noticia\/wp-json\/wp\/v2\/types\/post"}],"author":[{"embeddable":true,"href":"https:\/\/migracao.redenoticia.com.br\/noticia\/wp-json\/wp\/v2\/users\/4"}],"replies":[{"embeddable":true,"href":"https:\/\/migracao.redenoticia.com.br\/noticia\/wp-json\/wp\/v2\/comments?post=199106"}],"version-history":[{"count":0,"href":"https:\/\/migracao.redenoticia.com.br\/noticia\/wp-json\/wp\/v2\/posts\/199106\/revisions"}],"wp:featuredmedia":[{"embeddable":true,"href":"https:\/\/migracao.redenoticia.com.br\/noticia\/wp-json\/wp\/v2\/media\/195893"}],"wp:attachment":[{"href":"https:\/\/migracao.redenoticia.com.br\/noticia\/wp-json\/wp\/v2\/media?parent=199106"}],"wp:term":[{"taxonomy":"category","embeddable":true,"href":"https:\/\/migracao.redenoticia.com.br\/noticia\/wp-json\/wp\/v2\/categories?post=199106"},{"taxonomy":"post_tag","embeddable":true,"href":"https:\/\/migracao.redenoticia.com.br\/noticia\/wp-json\/wp\/v2\/tags?post=199106"}],"curies":[{"name":"wp","href":"https:\/\/api.w.org\/{rel}","templated":true}]}}