{"id":19915,"date":"2009-12-12T18:55:30","date_gmt":"2009-12-12T22:55:30","guid":{"rendered":"http:\/\/www.redenoticia.com.br\/noticia\/?p=19915"},"modified":"2009-12-12T18:55:30","modified_gmt":"2009-12-12T22:55:30","slug":"prefeitura-de-bh-assume-compromisso-de-implantar-o-meio-passe-em-2010","status":"publish","type":"post","link":"https:\/\/migracao.redenoticia.com.br\/noticia\/2009\/prefeitura-de-bh-assume-compromisso-de-implantar-o-meio-passe-em-2010\/19915","title":{"rendered":"Prefeitura de BH assume compromisso de implantar o meio-passe em 2010"},"content":{"rendered":"<p>Ap\u00f3s muito debate e muita press\u00e3o do movimento estudantil, incluindo a UBES (Uni\u00e3o Brasileira dos Estudantes Secundaristas), a Prefeitura de Belo Horizonte se comprometeu a apresentar \u00e0 C\u00e2mara Municipal o projeto de lei que institui o meio-passe na cidade.<\/p>\n<p>O an\u00fancio foi feito pelo secret\u00e1rio Municipal de Planejamento, Or\u00e7amento e Informa\u00e7\u00e3o, Helv\u00e9cio Miranda Magalhaes Jr., durante ato pol\u00edtico Em defesa de 50% do Fundo Social do Pr\u00e9-sal para Educa\u00e7\u00e3o do 38\u00ba Congresso da UBES, realizado neste s\u00e1bado, 12, no Mineirinho. A medida \u00e9 uma reivindica\u00e7\u00e3o hist\u00f3rica, pois Belo Horizonte \u00e9 \u00fanica cidade do pa\u00eds que ainda n\u00e3o concede o beneficio aos estudantes.<\/p>\n<p>&#8220;At\u00e9 fevereiro, ap\u00f3s dialogarmos com as entidades, vamos apresentar \u00e0 C\u00e2mara o projeto de lei, resgatando essa d\u00edvida hist\u00f3rica com os estudantes de BH&#8221;, afirmou o secret\u00e1rio, que representou o prefeito Marcio Lacerda no ato.<\/p>\n<p>Tamb\u00e9m participaram do ato pol\u00edtico Patrus Ananias, ministro do Desenvolvimento Social; Haroldo Lima, presidente da ANP (Ag\u00eancia Nacional de Petr\u00f3leo); J\u00f4 Moraes, deputada federal (PC do B-MG); Reginaldo Lopes, deputado federal e presidente do PT-MG; os deputados estaduais Carlos Gomes e Carlim Moura; Maca\u00e9 Maria Evaristo, secret\u00e1ria Municipal de Educa\u00e7\u00e3o; Cristina de Castro, secret\u00e1ria geral da Contee (Confedera\u00e7\u00e3o Nacional dos Trabalhadores em Estabelecimento de Ensino); Ismael Cardoso, presidente da UBES; Augusto Chagas, presidente da UNE); e Hugo Valadares, presidente da ANPG (Associa\u00e7\u00e3o Nacional dos P\u00f3s-graduandos).<\/p>\n<p>Em seu pronunciamento, o presidente da ANP, Haroldo Lima, lembrou que o memor\u00e1vel slogan O Petr\u00f3leo \u00e9 nosso foi criado em uma assembleia conjunta entre a UNE e a UBES e destacou que \u00e9 a favor da reivindica\u00e7\u00e3o do movimento estudantil de que 50% dos recursos do Fundo Social do Pr\u00e9-Sal sejam destinados \u00e0 educa\u00e7\u00e3o. &#8220;Precisamos refor\u00e7ar a educa\u00e7\u00e3o da juventude em um n\u00edvel muito elevado&#8221;, afirmou.<\/p>\n<p>J\u00e1 o ministro Patrus Ananias, relembrou sua trajet\u00f3ria no movimento estudantil, que teve in\u00edcio em 1966, e afirmou que &#8220;esse encontro [Congresso da UBES] me fez sentir renascer no cora\u00e7\u00e3o a certeza de que estou no caminho certo&#8221;, disse, destacando ainda que o petr\u00f3leo \u00e9 instrumento de afirma\u00e7\u00e3o da soberania do Brasil e que o pr\u00e9-sal ser\u00e1 fundamental para a emancipa\u00e7\u00e3o do povo brasileiro.<\/p>\n<p>Citando Monteiro Lobato, um grande defensor do petr\u00f3leo brasileiro, o presidente da UBES, Ismael Cardoso, ressaltou que o pr\u00f3ximo per\u00edodo ser\u00e1 de muita luta para o movimento estudantil. &#8220;Os estudantes e a sociedade v\u00e3o ter que ocupar as ruas para dizer que o petr\u00f3leo \u00e9 nosso e ser\u00e1 usado na educa\u00e7\u00e3o&#8221;, disse.<\/p>\n<p>Fazendo coro \u00e0 afirma\u00e7\u00e3o do l\u00edder secundarista, o presidente da UNE, Augusto Chagas, falou que chegou a hora da juventude acreditar que \u00e9 poss\u00edvel transformar o Brasil. &#8220;Isso se dar\u00e1 por meio dessa riqueza fundamental que \u00e9 o pr\u00e9-sal.&#8221;<\/p>\n<p>Para garantir que a partilha dos recursos do Fundo do pr\u00e9-sal contemplem a educa\u00e7\u00e3o, a deputada federal J\u00f4 Moraes convocou todos os estudantes a cobrarem os parlamentares que est\u00e3o discutindo o assunto na C\u00e2mara.<\/p>\n<p>Para reafirmar a import\u00e2ncia de garantir a destina\u00e7\u00e3o dos recursos para a educa\u00e7\u00e3o, foi realizada uma partilha durante o ato, com a entrega de um barril de petr\u00f3leo simb\u00f3lico aos membros da mesa e a um estudante de cada Estado do pa\u00eds.<\/p>\n<p>Em defesa da meia entrada<\/p>\n<p>O ato contou ainda com uma manifesta\u00e7\u00e3o em defesa da meio entrada. Numa carta, em que pede uma nova legisla\u00e7\u00e3o para a meia entrada no pa\u00eds, a UBES convocou os estudantes brasileiros &#8220;a unificar a sua voz junto ao Congresso Nacional para reconquistarmos o direito pleno \u00e0 meia entrada.&#8221;<\/p>\n<p>O ato pol\u00edtico foi finalizado com a apresenta\u00e7\u00e3o do Hino da Independ\u00eancia nas bel\u00edssimas vozes de Lilian Assun\u00e7\u00e3o e Paulo Henrique, da Associa\u00e7\u00e3o de M\u00fasicos do Coral L\u00edrico de Belo Horizonte.<\/p>\n<p>Congresso termina domingo<\/p>\n<p>Cerca de 2.300 estudantes de todas as regi\u00f5es do pa\u00eds participam at\u00e9 domingo, 13, do Congresso que acontece na UFMG (Universidade Federal de Minas Gerais). Eles ter\u00e3o a miss\u00e3o de escolher o novo presidente e a nova diretoria da entidade sexagen\u00e1ria.<\/p>\n","protected":false},"excerpt":{"rendered":"<p>Ap\u00f3s muito debate e muita press\u00e3o do movimento estudantil, incluindo a UBES (Uni\u00e3o Brasileira dos Estudantes Secundaristas), a Prefeitura de Belo Horizonte se comprometeu a apresentar \u00e0 C\u00e2mara Municipal o projeto de lei que institui o meio-passe na cidade. O an\u00fancio foi feito pelo secret\u00e1rio Municipal de Planejamento, Or\u00e7amento e Informa\u00e7\u00e3o, Helv\u00e9cio Miranda Magalhaes Jr., [&hellip;]<\/p>\n","protected":false},"author":2,"featured_media":0,"comment_status":"open","ping_status":"open","sticky":false,"template":"","format":"standard","meta":{"tdm_status":"","tdm_grid_status":"","footnotes":""},"categories":[22],"tags":[],"class_list":{"0":"post-19915","1":"post","2":"type-post","3":"status-publish","4":"format-standard","6":"category-brasil"},"_links":{"self":[{"href":"https:\/\/migracao.redenoticia.com.br\/noticia\/wp-json\/wp\/v2\/posts\/19915","targetHints":{"allow":["GET"]}}],"collection":[{"href":"https:\/\/migracao.redenoticia.com.br\/noticia\/wp-json\/wp\/v2\/posts"}],"about":[{"href":"https:\/\/migracao.redenoticia.com.br\/noticia\/wp-json\/wp\/v2\/types\/post"}],"author":[{"embeddable":true,"href":"https:\/\/migracao.redenoticia.com.br\/noticia\/wp-json\/wp\/v2\/users\/2"}],"replies":[{"embeddable":true,"href":"https:\/\/migracao.redenoticia.com.br\/noticia\/wp-json\/wp\/v2\/comments?post=19915"}],"version-history":[{"count":0,"href":"https:\/\/migracao.redenoticia.com.br\/noticia\/wp-json\/wp\/v2\/posts\/19915\/revisions"}],"wp:attachment":[{"href":"https:\/\/migracao.redenoticia.com.br\/noticia\/wp-json\/wp\/v2\/media?parent=19915"}],"wp:term":[{"taxonomy":"category","embeddable":true,"href":"https:\/\/migracao.redenoticia.com.br\/noticia\/wp-json\/wp\/v2\/categories?post=19915"},{"taxonomy":"post_tag","embeddable":true,"href":"https:\/\/migracao.redenoticia.com.br\/noticia\/wp-json\/wp\/v2\/tags?post=19915"}],"curies":[{"name":"wp","href":"https:\/\/api.w.org\/{rel}","templated":true}]}}