{"id":199156,"date":"2020-10-14T11:57:12","date_gmt":"2020-10-14T14:57:12","guid":{"rendered":"https:\/\/www.redenoticia.com.br\/noticia\/?p=199156"},"modified":"2020-10-14T11:57:12","modified_gmt":"2020-10-14T14:57:12","slug":"resumo-lacos-de-familia-15-10-edu-sofre-uma-queda-do-cavalo","status":"publish","type":"post","link":"https:\/\/migracao.redenoticia.com.br\/noticia\/2020\/resumo-lacos-de-familia-15-10-edu-sofre-uma-queda-do-cavalo\/199156","title":{"rendered":"Resumo \u201cLa\u00e7os de Fam\u00edlia\u201d 15\/10: Edu sofre uma queda do cavalo"},"content":{"rendered":"<p><img loading=\"lazy\" decoding=\"async\" class=\"aligncenter size-full wp-image-197365\" src=\"https:\/\/migracao.redenoticia.com.br\/noticia\/imagens\/lacos-de-familia-resumo-sinopse-elenco-helena-camila-edu.jpg\" alt=\"\" width=\"1280\" height=\"720\" srcset=\"https:\/\/migracao.redenoticia.com.br\/noticia\/imagens\/lacos-de-familia-resumo-sinopse-elenco-helena-camila-edu.jpg 1280w, https:\/\/migracao.redenoticia.com.br\/noticia\/imagens\/lacos-de-familia-resumo-sinopse-elenco-helena-camila-edu-250x140.jpg 250w, https:\/\/migracao.redenoticia.com.br\/noticia\/imagens\/lacos-de-familia-resumo-sinopse-elenco-helena-camila-edu-400x225.jpg 400w, https:\/\/migracao.redenoticia.com.br\/noticia\/imagens\/lacos-de-familia-resumo-sinopse-elenco-helena-camila-edu-768x432.jpg 768w, https:\/\/migracao.redenoticia.com.br\/noticia\/imagens\/lacos-de-familia-resumo-sinopse-elenco-helena-camila-edu-150x85.jpg 150w\" sizes=\"auto, (max-width: 1280px) 100vw, 1280px\" \/><\/p>\n<p><em><strong>Resumo da novela \u201cLa\u00e7os de Fam\u00edlia\u201d<\/strong><\/em> em 15\/10: no cap\u00edtulo 029(*) da novela, Helena fica triste e confusa, mas n\u00e3o recrimina a filha. Edu olha o poema que Camila lhe deu e pensa nas decis\u00f5es que precisa tomar. Danilo conta ao sobrinho que comprou pra ele uma \u00f3tima sala comercial, num ponto excelente. Yvete e Viriato conversam sobre crian\u00e7as e Rachel sugere que eles tenham mais filhos. Edu liga para Helena, mas ela n\u00e3o quer falar com ele e para Zilda avisar que liga mais tarde. Helena vai \u00e0 livraria buscar consolo com Miguel. E os dois acabam saindo pra jantar. Helena abre o jogo e e diz: \u2018Minha filha est\u00e1 apaixonada pelo Edu\u2019. Helena confessa a Miguel que Camila est\u00e1 apaixonada por Edu. Edu tem pesadelos com as palavras de Alma e acorda sobressaltado. Helena acorda cedo e se preocupa com a filha, que j\u00e1 saiu de casa. C\u00edntia descobre o que aconteceu com o carro, discute com Pedro e os dois quase se beijam. Helena liga para Edu, descobre que ele foi ao haras e decide encontr\u00e1-lo l\u00e1. No haras, Edu sofre uma queda do cavalo.<\/p>\n<p>(*) edi\u00e7\u00e3o das novelas da Globo, \u201cLa\u00e7os de Fam\u00edlia\u201d, sujeito a altera\u00e7\u00e3o de data e conte\u00fado.<\/p>\n<p>Sinopse &#8220;La\u00e7os de Fam\u00edlia&#8221;: Helena (Vera Fischer) est\u00e1 a caminho da praia quando seu carro se choca com o do jovem m\u00e9dico Edu (Reynaldo Gianecchini). De in\u00edcio os dois se estranham, mas depois acabam se envolvendo. O acidente acontece em frente \u00e0 livraria Dom Casmurro, de propriedade de Miguel (Tony Ramos), que se encanta imediatamente por ela. Helena \u00e9 m\u00e3e de Camila (Carolina Dieckmann). Com o tempo, Camila descobre que est\u00e1 apaixonada por Edu e que \u00e9 correspondida.<\/p>\n","protected":false},"excerpt":{"rendered":"<p>Resumo da novela \u201cLa\u00e7os de Fam\u00edlia\u201d em 15\/10: no cap\u00edtulo 029(*) da novela, Helena fica triste e confusa, mas n\u00e3o recrimina a filha. Edu olha o poema que Camila lhe deu e pensa nas decis\u00f5es que precisa tomar. Danilo conta ao sobrinho que comprou pra ele uma \u00f3tima sala comercial, num ponto excelente. Yvete e [&hellip;]<\/p>\n","protected":false},"author":4,"featured_media":197366,"comment_status":"closed","ping_status":"closed","sticky":false,"template":"","format":"standard","meta":{"tdm_status":"","tdm_grid_status":"","footnotes":""},"categories":[2061,379,375,2025,343],"tags":[441],"class_list":{"0":"post-199156","1":"post","2":"type-post","3":"status-publish","4":"format-standard","5":"has-post-thumbnail","7":"category-lacos-de-familia","8":"category-novelas","9":"category-rede-globo","10":"category-resumo","11":"category-televisao","12":"tag-resumo-do-dia"},"_links":{"self":[{"href":"https:\/\/migracao.redenoticia.com.br\/noticia\/wp-json\/wp\/v2\/posts\/199156","targetHints":{"allow":["GET"]}}],"collection":[{"href":"https:\/\/migracao.redenoticia.com.br\/noticia\/wp-json\/wp\/v2\/posts"}],"about":[{"href":"https:\/\/migracao.redenoticia.com.br\/noticia\/wp-json\/wp\/v2\/types\/post"}],"author":[{"embeddable":true,"href":"https:\/\/migracao.redenoticia.com.br\/noticia\/wp-json\/wp\/v2\/users\/4"}],"replies":[{"embeddable":true,"href":"https:\/\/migracao.redenoticia.com.br\/noticia\/wp-json\/wp\/v2\/comments?post=199156"}],"version-history":[{"count":0,"href":"https:\/\/migracao.redenoticia.com.br\/noticia\/wp-json\/wp\/v2\/posts\/199156\/revisions"}],"wp:featuredmedia":[{"embeddable":true,"href":"https:\/\/migracao.redenoticia.com.br\/noticia\/wp-json\/wp\/v2\/media\/197366"}],"wp:attachment":[{"href":"https:\/\/migracao.redenoticia.com.br\/noticia\/wp-json\/wp\/v2\/media?parent=199156"}],"wp:term":[{"taxonomy":"category","embeddable":true,"href":"https:\/\/migracao.redenoticia.com.br\/noticia\/wp-json\/wp\/v2\/categories?post=199156"},{"taxonomy":"post_tag","embeddable":true,"href":"https:\/\/migracao.redenoticia.com.br\/noticia\/wp-json\/wp\/v2\/tags?post=199156"}],"curies":[{"name":"wp","href":"https:\/\/api.w.org\/{rel}","templated":true}]}}