{"id":19917,"date":"2009-12-12T18:57:02","date_gmt":"2009-12-12T22:57:02","guid":{"rendered":"http:\/\/www.redenoticia.com.br\/noticia\/?p=19917"},"modified":"2009-12-12T18:57:02","modified_gmt":"2009-12-12T22:57:02","slug":"lei-obriga-instalacao-de-bibliotecas-nas-escolas","status":"publish","type":"post","link":"https:\/\/migracao.redenoticia.com.br\/noticia\/2009\/lei-obriga-instalacao-de-bibliotecas-nas-escolas\/19917","title":{"rendered":"Lei obriga instala\u00e7\u00e3o de bibliotecas nas escolas"},"content":{"rendered":"<p>A Comiss\u00e3o de Constitui\u00e7\u00e3o, Justi\u00e7a e Cidadania da C\u00e2mara dos Deputados aprovou por unanimidade a proposta da ex-deputada federal Esther Grossi (PT-RS), para que toda escola p\u00fablica ou privada tenha, obrigatoriamente, uma biblioteca. O projeto, anteriormente aprovado pela Comiss\u00e3o de Educa\u00e7\u00e3o e Cultura, determina que cada biblioteca tenha pelo menos quatro livros por aluno matriculado.<\/p>\n<p>Apresentado h\u00e1 seis anos, o projeto est\u00e1 em linha com as diretrizes tra\u00e7adas pelo Plano Nacional do Livro e Leitura (PNLL), no melhor aproveitamento dos espa\u00e7os educacionais, a exemplo do que ocorre em outros pa\u00edses. Nos EUA, por exemplo, a proposta da Associa\u00e7\u00e3o Americana de Bibliotecas \u00e9 de 10 livros por aluno em cada biblioteca, considerado um dos lugares mais prop\u00edcios como ponto de difus\u00e3o do interesse pela leitura.<\/p>\n<p>Mas apenas propiciar, mesmo que por for\u00e7a de lei, a instala\u00e7\u00e3o de bibliotecas em cada escola brasileira, n\u00e3o \u00e9 suficiente, segundo o secret\u00e1rio executivo do Plano Nacional do Livro e Leitura, Jos\u00e9 Castilho Marques Neto, que coordenou no ano passado a pesquisa &#8220;Retratos da Leitura no Brasil. Ele acrescenta que o desafio \u00e9 criar uma ampla rede nacional de amparo \u00e0s bibliotecas p\u00fablicas.<\/p>\n<p>A cria\u00e7\u00e3o de ao menos uma biblioteca p\u00fablica em cada munic\u00edpio brasileiro \u00e9 uma das propostas a serem financiadas por meio de um dos projetos do Minist\u00e9rio da Cultura (MinC), o Fundo Pr\u00f3 Leitura, cujo projeto de lei ser\u00e1 encaminhado pelo Executivo federal em breve. \u201cCom a cria\u00e7\u00e3o do Fundo, al\u00e9m de uma biblioteca em cada cidade brasileira, teremos tamb\u00e9m incentivos para estimular o h\u00e1bito de leitura, essencial para incluir no mundo dos livros os atuais 73 milh\u00f5es de n\u00e3o leitores\u201d, diz Fabiano Santos, diretor nacional de Livro, Leitura e Literatura do Minist\u00e9rio da Cultura.<\/p>\n","protected":false},"excerpt":{"rendered":"<p>A Comiss\u00e3o de Constitui\u00e7\u00e3o, Justi\u00e7a e Cidadania da C\u00e2mara dos Deputados aprovou por unanimidade a proposta da ex-deputada federal Esther Grossi (PT-RS), para que toda escola p\u00fablica ou privada tenha, obrigatoriamente, uma biblioteca. O projeto, anteriormente aprovado pela Comiss\u00e3o de Educa\u00e7\u00e3o e Cultura, determina que cada biblioteca tenha pelo menos quatro livros por aluno matriculado. [&hellip;]<\/p>\n","protected":false},"author":2,"featured_media":0,"comment_status":"open","ping_status":"open","sticky":false,"template":"","format":"standard","meta":{"tdm_status":"","tdm_grid_status":"","footnotes":""},"categories":[22],"tags":[],"class_list":{"0":"post-19917","1":"post","2":"type-post","3":"status-publish","4":"format-standard","6":"category-brasil"},"_links":{"self":[{"href":"https:\/\/migracao.redenoticia.com.br\/noticia\/wp-json\/wp\/v2\/posts\/19917","targetHints":{"allow":["GET"]}}],"collection":[{"href":"https:\/\/migracao.redenoticia.com.br\/noticia\/wp-json\/wp\/v2\/posts"}],"about":[{"href":"https:\/\/migracao.redenoticia.com.br\/noticia\/wp-json\/wp\/v2\/types\/post"}],"author":[{"embeddable":true,"href":"https:\/\/migracao.redenoticia.com.br\/noticia\/wp-json\/wp\/v2\/users\/2"}],"replies":[{"embeddable":true,"href":"https:\/\/migracao.redenoticia.com.br\/noticia\/wp-json\/wp\/v2\/comments?post=19917"}],"version-history":[{"count":0,"href":"https:\/\/migracao.redenoticia.com.br\/noticia\/wp-json\/wp\/v2\/posts\/19917\/revisions"}],"wp:attachment":[{"href":"https:\/\/migracao.redenoticia.com.br\/noticia\/wp-json\/wp\/v2\/media?parent=19917"}],"wp:term":[{"taxonomy":"category","embeddable":true,"href":"https:\/\/migracao.redenoticia.com.br\/noticia\/wp-json\/wp\/v2\/categories?post=19917"},{"taxonomy":"post_tag","embeddable":true,"href":"https:\/\/migracao.redenoticia.com.br\/noticia\/wp-json\/wp\/v2\/tags?post=19917"}],"curies":[{"name":"wp","href":"https:\/\/api.w.org\/{rel}","templated":true}]}}