{"id":199184,"date":"2020-10-16T00:24:06","date_gmt":"2020-10-16T03:24:06","guid":{"rendered":"https:\/\/www.redenoticia.com.br\/noticia\/?p=199184"},"modified":"2020-10-16T00:24:09","modified_gmt":"2020-10-16T03:24:09","slug":"a-fazenda-12-roca-votacao-em-biel-carol-e-tays-movimenta-a-enquete","status":"publish","type":"post","link":"https:\/\/migracao.redenoticia.com.br\/noticia\/2020\/a-fazenda-12-roca-votacao-em-biel-carol-e-tays-movimenta-a-enquete\/199184","title":{"rendered":"&#8220;A Fazenda&#8221; 12 ro\u00e7a: vota\u00e7\u00e3o em Biel, Carol e Tays movimentou a enquete"},"content":{"rendered":"<p><img loading=\"lazy\" decoding=\"async\" class=\"aligncenter size-full wp-image-195945\" src=\"https:\/\/migracao.redenoticia.com.br\/noticia\/imagens\/a-fazenda-record-resultado-enquete.jpg\" alt=\"\" width=\"1280\" height=\"720\" srcset=\"https:\/\/migracao.redenoticia.com.br\/noticia\/imagens\/a-fazenda-record-resultado-enquete.jpg 1280w, https:\/\/migracao.redenoticia.com.br\/noticia\/imagens\/a-fazenda-record-resultado-enquete-250x140.jpg 250w, https:\/\/migracao.redenoticia.com.br\/noticia\/imagens\/a-fazenda-record-resultado-enquete-400x225.jpg 400w, https:\/\/migracao.redenoticia.com.br\/noticia\/imagens\/a-fazenda-record-resultado-enquete-768x432.jpg 768w, https:\/\/migracao.redenoticia.com.br\/noticia\/imagens\/a-fazenda-record-resultado-enquete-150x85.jpg 150w, https:\/\/migracao.redenoticia.com.br\/noticia\/imagens\/a-fazenda-record-resultado-enquete-696x392.jpg 696w, https:\/\/migracao.redenoticia.com.br\/noticia\/imagens\/a-fazenda-record-resultado-enquete-1068x601.jpg 1068w\" sizes=\"auto, (max-width: 1280px) 100vw, 1280px\" \/><\/p>\n<p><strong><em>&#8220;A Fazenda&#8221; 12 (2020)<\/em><\/strong> vota\u00e7\u00e3o na enquete da ro\u00e7a: Em 15\/10, Carol foi a menos votada pelo p\u00fabico (29,51%) e deixou o programa. Tudo come\u00e7ou em 13\/10, Lipe abriu o Lampi\u00e3o, escolheu o poder da Chama Vermelha, ficou imune e imunizou o Lucas. Ele deu a Chama Verde para o Lucas e ele trocou os pe\u00f5es da Baia por pe\u00f5es da sede: Biel, Mateus, Vict\u00f3ria e Mariano. A Fazendeira Luiza indicou Tays para a ro\u00e7a. <\/p>\n<p>Ap\u00f3s ir para a ro\u00e7a pela vota\u00e7\u00e3o dos roceiros, Carol indicou Biel. No jogo do Resta um, Mariano sobrou, assumiu o posto de quarto roceiro e vetou Biel da prova do Fazendeiro. Carol, Mariano e Tays disputaram a prova do Fazendeiro na quarta-feira, 14\/10. Os roceiros tiveram que encher baldes com tintas de cabelo. Mariano venceu a disputa e se tornou o sexto fazendeiro da temporada. Veja o resultado da vota\u00e7\u00e3o na enquete. <\/p>\n<p>[yop_poll id=&#8221;3&#8243;]<\/p>\n<p>A vota\u00e7\u00e3o oficial aconteceu no site do programa &#8220;A Fazenda&#8221;.<\/p>\n<h4>Participantes de &#8220;A Fazenda&#8221; 12<\/h4>\n<p>Biel, cantor;<br \/>\nCarol (Narizinho), modelo e digital influencer;<br \/>\nCartolouco, jornalista e publicit\u00e1rio;<br \/>\nFernandinho (Beatbox), m\u00fasico e produtor musical;<br \/>\nJakelyne (Oliveira), modelo e digital influencer;<br \/>\nJojo (Todynho), cantora e digital influencer;<br \/>\nJP Gad\u00ealha, bombeiro bilitar e ex The Circle;<br \/>\nJuliano (Ceglia), apresentador e jornalista;<br \/>\nLidi (Lisboa), atriz;<br \/>\nLipe (Ribeiro), digital influencer;<br \/>\nLucas (Maciel), apresentador e criador de conte\u00fado;<br \/>\nLuiza (Ambiel), atriz e jornalista;<br \/>\nMariano, cantor e empres\u00e1rio;<br \/>\nMateus (Carrieri), ator e professor de educa\u00e7\u00e3o f\u00edsica;<br \/>\nMC Mirella, cantora e digital influencer;<br \/>\nRaissa (Barbosa), modelo;<br \/>\nRodrigo (Moraes), midia man e apresentador;<br \/>\nSt\u00e9fani (Bays); digital influencer;<br \/>\nTays (Reis), cantora e compositora;<br \/>\nVict\u00f3ria (Villarim), modelo e bailarina.<\/p>\n<p>&#8220;A Fazenda&#8221; Record<\/p>\n","protected":false},"excerpt":{"rendered":"<p>&#8220;A Fazenda&#8221; 12 (2020) vota\u00e7\u00e3o na enquete da ro\u00e7a: Em 15\/10, Carol foi a menos votada pelo p\u00fabico (29,51%) e deixou o programa. Tudo come\u00e7ou em 13\/10, Lipe abriu o Lampi\u00e3o, escolheu o poder da Chama Vermelha, ficou imune e imunizou o Lucas. Ele deu a Chama Verde para o Lucas e ele trocou os [&hellip;]<\/p>\n","protected":false},"author":2,"featured_media":195946,"comment_status":"closed","ping_status":"closed","sticky":false,"template":"","format":"standard","meta":{"tdm_status":"","tdm_grid_status":"","footnotes":""},"categories":[406,22,371,343],"tags":[521],"class_list":{"0":"post-199184","1":"post","2":"type-post","3":"status-publish","4":"format-standard","5":"has-post-thumbnail","7":"category-a-fazenda","8":"category-brasil","9":"category-rede-record","10":"category-televisao","11":"tag-enquete"},"_links":{"self":[{"href":"https:\/\/migracao.redenoticia.com.br\/noticia\/wp-json\/wp\/v2\/posts\/199184","targetHints":{"allow":["GET"]}}],"collection":[{"href":"https:\/\/migracao.redenoticia.com.br\/noticia\/wp-json\/wp\/v2\/posts"}],"about":[{"href":"https:\/\/migracao.redenoticia.com.br\/noticia\/wp-json\/wp\/v2\/types\/post"}],"author":[{"embeddable":true,"href":"https:\/\/migracao.redenoticia.com.br\/noticia\/wp-json\/wp\/v2\/users\/2"}],"replies":[{"embeddable":true,"href":"https:\/\/migracao.redenoticia.com.br\/noticia\/wp-json\/wp\/v2\/comments?post=199184"}],"version-history":[{"count":0,"href":"https:\/\/migracao.redenoticia.com.br\/noticia\/wp-json\/wp\/v2\/posts\/199184\/revisions"}],"wp:featuredmedia":[{"embeddable":true,"href":"https:\/\/migracao.redenoticia.com.br\/noticia\/wp-json\/wp\/v2\/media\/195946"}],"wp:attachment":[{"href":"https:\/\/migracao.redenoticia.com.br\/noticia\/wp-json\/wp\/v2\/media?parent=199184"}],"wp:term":[{"taxonomy":"category","embeddable":true,"href":"https:\/\/migracao.redenoticia.com.br\/noticia\/wp-json\/wp\/v2\/categories?post=199184"},{"taxonomy":"post_tag","embeddable":true,"href":"https:\/\/migracao.redenoticia.com.br\/noticia\/wp-json\/wp\/v2\/tags?post=199184"}],"curies":[{"name":"wp","href":"https:\/\/api.w.org\/{rel}","templated":true}]}}