{"id":199197,"date":"2020-10-15T12:41:36","date_gmt":"2020-10-15T15:41:36","guid":{"rendered":"https:\/\/www.redenoticia.com.br\/noticia\/?p=199197"},"modified":"2020-10-15T12:41:36","modified_gmt":"2020-10-15T15:41:36","slug":"resumo-cumplices-de-um-resgate-16-10-mauricio-reaparece-para-rebeca","status":"publish","type":"post","link":"https:\/\/migracao.redenoticia.com.br\/noticia\/2020\/resumo-cumplices-de-um-resgate-16-10-mauricio-reaparece-para-rebeca\/199197","title":{"rendered":"Resumo \u201cC\u00famplices de um Resgate\u201d 16\/10: Mauricio reaparece para Rebeca"},"content":{"rendered":"<p> <img loading=\"lazy\" decoding=\"async\" class=\"aligncenter size-full wp-image-195896\" src=\"https:\/\/migracao.redenoticia.com.br\/noticia\/imagens\/cumplices-de-um-resgate-resumo-sinopse-elenco.jpg\" alt=\"\" width=\"1280\" height=\"720\" srcset=\"https:\/\/migracao.redenoticia.com.br\/noticia\/imagens\/cumplices-de-um-resgate-resumo-sinopse-elenco.jpg 1280w, https:\/\/migracao.redenoticia.com.br\/noticia\/imagens\/cumplices-de-um-resgate-resumo-sinopse-elenco-250x140.jpg 250w, https:\/\/migracao.redenoticia.com.br\/noticia\/imagens\/cumplices-de-um-resgate-resumo-sinopse-elenco-400x225.jpg 400w, https:\/\/migracao.redenoticia.com.br\/noticia\/imagens\/cumplices-de-um-resgate-resumo-sinopse-elenco-768x432.jpg 768w, https:\/\/migracao.redenoticia.com.br\/noticia\/imagens\/cumplices-de-um-resgate-resumo-sinopse-elenco-150x85.jpg 150w, https:\/\/migracao.redenoticia.com.br\/noticia\/imagens\/cumplices-de-um-resgate-resumo-sinopse-elenco-696x392.jpg 696w, https:\/\/migracao.redenoticia.com.br\/noticia\/imagens\/cumplices-de-um-resgate-resumo-sinopse-elenco-1068x601.jpg 1068w\" sizes=\"auto, (max-width: 1280px) 100vw, 1280px\" \/><\/p>\n<p><strong><em>Resumo da novela \u201cC\u00famplices de um Resgate\u201d em 16\/10<\/em><\/strong>: no cap\u00edtulo 464(*) da novela, Ot\u00e1vio pede perd\u00e3o para Frederico e garante que ir\u00e1 tomar uma atitude sobre o que descobriu. Fl\u00e1via diz para Matheus que est\u00e1 feliz por ele e Sabrina e que gostou muito das declara\u00e7\u00f5es de amor que ele fez. Matheus n\u00e3o entende nada. Ot\u00e1vio entra de forma rude na sala de Tomas e diz que j\u00e1 sabe de toda arma\u00e7\u00e3o do funcion\u00e1rio para prejudicar Frederico. Tomas \u00e9 demitido e tem meia hora para tirar tudo que \u00e9 dele da empresa. Manuela vai cantar na C1R a pedido de Isabela. <\/p>\n<p>Enquanto isso, no Vilarejo, T\u00e9o aceita tentar passar pelo tratamento para voltar a enxergar e Isabela conta que j\u00e1 havia deixado tudo previamente agendado. Frederico volta a ser o estilista da On-Enterprise. Paola, que na verdade \u00e9 Regina, descobre que foi roubada na Top Records. Mateus tira satisfa\u00e7\u00e3o com D\u00f3ris pelo ocorrido. O m\u00e9dico conta que n\u00e3o h\u00e1 o que fazer para T\u00e9o voltar a enxergar, pois ele possui mais de 7 anos de idade. Isabela promete que mesmo assim vai continuar a procurar um tratamento. Mauricio, pai das g\u00eameas, reaparece para Rebeca.<\/p>\n<p>(*) edi\u00e7\u00e3o das novelas do SBT, \u201cC\u00famplices de um Resgate\u201d, sujeito a altera\u00e7\u00e3o de data e conte\u00fado.<\/p>\n<p>Sinopse \u201cC\u00famplices de um Resgate\u201d: Duas irm\u00e3s g\u00eameas univitelinas que foram separadas ap\u00f3s nascimento, se reencontram somente ap\u00f3s doze anos. Manuela, uma das g\u00eameas, \u00e9 doce, meiga, gentil, e muito talentosa para a m\u00fasica e tem uma voz encantadora. Vive uma vida feliz no Vilarejo dos Sonhos, onde mora com sua av\u00f3 Nina, sua tia Helena e sua m\u00e3e Rebeca, que d\u00e1 muito amor e carinho a filha por ela nunca ter tido um pai, e ela \u00e9 a m\u00e3e biol\u00f3gica das duas garotas, mas nunca soube que teve g\u00eameas.<\/p>\n","protected":false},"excerpt":{"rendered":"<p>Resumo da novela \u201cC\u00famplices de um Resgate\u201d em 16\/10: no cap\u00edtulo 464(*) da novela, Ot\u00e1vio pede perd\u00e3o para Frederico e garante que ir\u00e1 tomar uma atitude sobre o que descobriu. Fl\u00e1via diz para Matheus que est\u00e1 feliz por ele e Sabrina e que gostou muito das declara\u00e7\u00f5es de amor que ele fez. Matheus n\u00e3o entende [&hellip;]<\/p>\n","protected":false},"author":2,"featured_media":195895,"comment_status":"closed","ping_status":"closed","sticky":false,"template":"","format":"standard","meta":{"tdm_status":"","tdm_grid_status":"","footnotes":""},"categories":[379,2025,372,343],"tags":[441],"class_list":{"0":"post-199197","1":"post","2":"type-post","3":"status-publish","4":"format-standard","5":"has-post-thumbnail","7":"category-novelas","8":"category-resumo","9":"category-sbt","10":"category-televisao","11":"tag-resumo-do-dia"},"_links":{"self":[{"href":"https:\/\/migracao.redenoticia.com.br\/noticia\/wp-json\/wp\/v2\/posts\/199197","targetHints":{"allow":["GET"]}}],"collection":[{"href":"https:\/\/migracao.redenoticia.com.br\/noticia\/wp-json\/wp\/v2\/posts"}],"about":[{"href":"https:\/\/migracao.redenoticia.com.br\/noticia\/wp-json\/wp\/v2\/types\/post"}],"author":[{"embeddable":true,"href":"https:\/\/migracao.redenoticia.com.br\/noticia\/wp-json\/wp\/v2\/users\/2"}],"replies":[{"embeddable":true,"href":"https:\/\/migracao.redenoticia.com.br\/noticia\/wp-json\/wp\/v2\/comments?post=199197"}],"version-history":[{"count":0,"href":"https:\/\/migracao.redenoticia.com.br\/noticia\/wp-json\/wp\/v2\/posts\/199197\/revisions"}],"wp:featuredmedia":[{"embeddable":true,"href":"https:\/\/migracao.redenoticia.com.br\/noticia\/wp-json\/wp\/v2\/media\/195895"}],"wp:attachment":[{"href":"https:\/\/migracao.redenoticia.com.br\/noticia\/wp-json\/wp\/v2\/media?parent=199197"}],"wp:term":[{"taxonomy":"category","embeddable":true,"href":"https:\/\/migracao.redenoticia.com.br\/noticia\/wp-json\/wp\/v2\/categories?post=199197"},{"taxonomy":"post_tag","embeddable":true,"href":"https:\/\/migracao.redenoticia.com.br\/noticia\/wp-json\/wp\/v2\/tags?post=199197"}],"curies":[{"name":"wp","href":"https:\/\/api.w.org\/{rel}","templated":true}]}}