{"id":199198,"date":"2020-10-15T12:41:46","date_gmt":"2020-10-15T15:41:46","guid":{"rendered":"https:\/\/www.redenoticia.com.br\/noticia\/?p=199198"},"modified":"2020-10-15T12:41:46","modified_gmt":"2020-10-15T15:41:46","slug":"resumo-chiquititas-16-10-mosca-confessa-que-esta-cansado-da-namorada","status":"publish","type":"post","link":"https:\/\/migracao.redenoticia.com.br\/noticia\/2020\/resumo-chiquititas-16-10-mosca-confessa-que-esta-cansado-da-namorada\/199198","title":{"rendered":"Resumo \u201cChiquititas\u201d 16\/10: Mosca confessa que est\u00e1 cansado da namorada"},"content":{"rendered":"<p> <img loading=\"lazy\" decoding=\"async\" class=\"aligncenter size-full wp-image-195897\" src=\"https:\/\/migracao.redenoticia.com.br\/noticia\/imagens\/chiquititas-resumo-sinopse.jpg\" alt=\"\" width=\"1280\" height=\"720\" srcset=\"https:\/\/migracao.redenoticia.com.br\/noticia\/imagens\/chiquititas-resumo-sinopse.jpg 1280w, https:\/\/migracao.redenoticia.com.br\/noticia\/imagens\/chiquititas-resumo-sinopse-250x140.jpg 250w, https:\/\/migracao.redenoticia.com.br\/noticia\/imagens\/chiquititas-resumo-sinopse-400x225.jpg 400w, https:\/\/migracao.redenoticia.com.br\/noticia\/imagens\/chiquititas-resumo-sinopse-768x432.jpg 768w, https:\/\/migracao.redenoticia.com.br\/noticia\/imagens\/chiquititas-resumo-sinopse-150x85.jpg 150w, https:\/\/migracao.redenoticia.com.br\/noticia\/imagens\/chiquititas-resumo-sinopse-696x392.jpg 696w, https:\/\/migracao.redenoticia.com.br\/noticia\/imagens\/chiquititas-resumo-sinopse-1068x601.jpg 1068w\" sizes=\"auto, (max-width: 1280px) 100vw, 1280px\" \/><\/p>\n<p><strong><em>Resumo da novela \u201cChiquititas\u201d<\/em><\/strong> em 16\/10: no cap\u00edtulo 077(*) da novela, ao notar o comportamento de Vivi, Tati fica triste. Os \u00f3rf\u00e3os chegam da escola e encontram Duda na sala. Mosca n\u00e3o gosta de ver o garoto no orfanato e todos percebem a irrita\u00e7\u00e3o do \u00f3rf\u00e3o. No Caf\u00e9 Boutique, Maria Cec\u00edlia vai \u00e0 sala de Jos\u00e9 Ricardo e pede demiss\u00e3o. O empres\u00e1rio se espanta com o pedido da funcion\u00e1ria. Em sua casa, Eduarda conversa com Shirley sobre o estranho comportamento da filha. A socialite v\u00ea na internet uma promo\u00e7\u00e3o de viagem para B\u00fazios. Eduarda decide comprar a viagem no cart\u00e3o de cr\u00e9dito da filha. Jos\u00e9 Ricardo questiona Maria Cec\u00edlia e pergunta se ela tem certeza da sua decis\u00e3o. A supervisora segura \u00e0s l\u00e1grimas perante aos elogios do empres\u00e1rio, mas n\u00e3o muda de ideia. As chiquititas mostram para Ernestina o seu perfil no site de relacionamento, cada est\u00e1 cadastrada como Eterna Apaixonada. No shopping, as Top 3 levam Vivi para almo\u00e7ar. As patricinhas s\u00f3 falam mal dos outros e D\u00e9bora e Priscila destratam Michelle. No p\u00e1tio, Duda grava o v\u00eddeo de Mili e Mosca observa os dois de longe. Na sala, os meninos e Pata mostram a Chico o seu perfil no site de relacionamento, que est\u00e1 cadastrado como Brigadeir\u00e3o.<\/p>\n<p>Em sua sala, Maria Cec\u00edlia arruma as suas coisas. Armando entra e garante a mo\u00e7a que o seu segredo estar\u00e1 bem guardado. Falso, o rapaz vai \u00e0 sala de Jos\u00e9 Ricardo lamentar a decis\u00e3o de Maria Cec\u00edlia e se oferece para o cargo de supervisor. O empres\u00e1rio n\u00e3o aceita. Armando tenta convenc\u00ea-lo e Jos\u00e9 Ricardo cede ao pedido do funcion\u00e1rio, mas avisa ao rapaz que ser\u00e1 algo tempor\u00e1rio at\u00e9 achar algu\u00e9m com mais experi\u00eancia. No shopping, D\u00e9bora diz a Vivi que as patricinhas a querem no grupo, mas para que ela entre ter\u00e1 que cumprir um desafio. As Top 3 pedem a \u00f3rf\u00e3 que v\u00e1 falar com um garoto que est\u00e1 no local e pe\u00e7a o seu FrendiBuqui. Vivi vai ao encontro do garoto que se apresenta como Matias (Thiago Wittner) e consegue o contato do menino. As Top 3 a parabenizam, mas dizem que ainda falta mais um coisa para que ela consiga entrar no grupo. No orfanato, Duda posta na internet o v\u00eddeo de Mili.<\/p>\n<p>A garota chama as chiquititas para assistirem a grava\u00e7\u00e3o. No p\u00e1tio, Mosca fala aos amigos que Duda n\u00e3o desgruda de Mili. Rafa e Binho acreditam que a garota gosta dele. Rafa pergunta ao amigo se ele gosta mais de Mili do que de Vivi. Mosca confessa que est\u00e1 cansado da namorada. No shopping, Michelle compra um lanche e D\u00e9bora pede para que a menina jogue a comida fora. Vivi n\u00e3o gosta das atitudes das meninas, mas concorda para n\u00e3o ficar de fora do grupo. D\u00e9bora aproveita a aus\u00eancia de Michelle e confessa a Vivi que querem tirar a menina do grupo das Top 3. A patricinha revela que Vivi \u00e9 a garota ideal para substitu\u00ed-la, mas se quiser entrar para o grupo ter\u00e1 que expuls\u00e1-la. No Caf\u00e9 Boutique, Clarita v\u00ea Maria Cec\u00edlia saindo da loja com algumas caixas e avisa Tobias. O barista corre para ver o que est\u00e1 acontecendo com a amada. Tobias a questiona e ela revela que n\u00e3o trabalhar\u00e1 mais no Caf\u00e9.<\/p>\n<p>Maria Cec\u00edlia mente para Tobias e diz que teve uma proposta de trabalho melhor. Triste, o barista n\u00e3o entende e a mo\u00e7a vai embora. Junior vai \u00e0 sala de Jos\u00e9 Ricardo e recebe a not\u00edcia que Maria Cec\u00edlia pediu demiss\u00e3o. O rapaz estranha a decis\u00e3o da mo\u00e7a e sai da sala. Cintia, que est\u00e1 no local, sugere ao empres\u00e1rio colocar Carol na vaga de Maria Cec\u00edlia. Jos\u00e9 Ricardo n\u00e3o concorda e diz que a gar\u00e7onete n\u00e3o tem preparo para este tipo de cargo. No orfanato, Vivi pensa se deve expulsar Michelle das Top 3. A garota sabe que se tomar essa atitude ir\u00e1 mago\u00e1-la. Mosca vai ao encontra da namorada e pergunta o motivo de ter ignorado todas as mensagens que ele enviou para ela. O garoto diz que est\u00e1 preocupado com as atitudes de Vivi.<\/p>\n<p>(*) edi\u00e7\u00e3o das novelas do SBT, \u201cChiquititas\u201d, sujeito a altera\u00e7\u00e3o de data e conte\u00fado.<\/p>\n","protected":false},"excerpt":{"rendered":"<p>Resumo da novela \u201cChiquititas\u201d em 16\/10: no cap\u00edtulo 077(*) da novela, ao notar o comportamento de Vivi, Tati fica triste. Os \u00f3rf\u00e3os chegam da escola e encontram Duda na sala. Mosca n\u00e3o gosta de ver o garoto no orfanato e todos percebem a irrita\u00e7\u00e3o do \u00f3rf\u00e3o. No Caf\u00e9 Boutique, Maria Cec\u00edlia vai \u00e0 sala de [&hellip;]<\/p>\n","protected":false},"author":2,"featured_media":195894,"comment_status":"closed","ping_status":"closed","sticky":false,"template":"","format":"standard","meta":{"tdm_status":"","tdm_grid_status":"","footnotes":""},"categories":[409,379,2025,372,343],"tags":[441],"class_list":{"0":"post-199198","1":"post","2":"type-post","3":"status-publish","4":"format-standard","5":"has-post-thumbnail","7":"category-chiquititas","8":"category-novelas","9":"category-resumo","10":"category-sbt","11":"category-televisao","12":"tag-resumo-do-dia"},"_links":{"self":[{"href":"https:\/\/migracao.redenoticia.com.br\/noticia\/wp-json\/wp\/v2\/posts\/199198","targetHints":{"allow":["GET"]}}],"collection":[{"href":"https:\/\/migracao.redenoticia.com.br\/noticia\/wp-json\/wp\/v2\/posts"}],"about":[{"href":"https:\/\/migracao.redenoticia.com.br\/noticia\/wp-json\/wp\/v2\/types\/post"}],"author":[{"embeddable":true,"href":"https:\/\/migracao.redenoticia.com.br\/noticia\/wp-json\/wp\/v2\/users\/2"}],"replies":[{"embeddable":true,"href":"https:\/\/migracao.redenoticia.com.br\/noticia\/wp-json\/wp\/v2\/comments?post=199198"}],"version-history":[{"count":0,"href":"https:\/\/migracao.redenoticia.com.br\/noticia\/wp-json\/wp\/v2\/posts\/199198\/revisions"}],"wp:featuredmedia":[{"embeddable":true,"href":"https:\/\/migracao.redenoticia.com.br\/noticia\/wp-json\/wp\/v2\/media\/195894"}],"wp:attachment":[{"href":"https:\/\/migracao.redenoticia.com.br\/noticia\/wp-json\/wp\/v2\/media?parent=199198"}],"wp:term":[{"taxonomy":"category","embeddable":true,"href":"https:\/\/migracao.redenoticia.com.br\/noticia\/wp-json\/wp\/v2\/categories?post=199198"},{"taxonomy":"post_tag","embeddable":true,"href":"https:\/\/migracao.redenoticia.com.br\/noticia\/wp-json\/wp\/v2\/tags?post=199198"}],"curies":[{"name":"wp","href":"https:\/\/api.w.org\/{rel}","templated":true}]}}