{"id":199212,"date":"2020-10-15T13:16:07","date_gmt":"2020-10-15T16:16:07","guid":{"rendered":"https:\/\/www.redenoticia.com.br\/noticia\/?p=199212"},"modified":"2020-10-15T13:16:07","modified_gmt":"2020-10-15T16:16:07","slug":"resumo-quando-me-apaixono-16-10-roberta-e-augusto-ficam-juntos","status":"publish","type":"post","link":"https:\/\/migracao.redenoticia.com.br\/noticia\/2020\/resumo-quando-me-apaixono-16-10-roberta-e-augusto-ficam-juntos\/199212","title":{"rendered":"Resumo \u201cQuando me Apaixono\u201d 16\/10: Roberta e Augusto ficam juntos"},"content":{"rendered":"<p> <img loading=\"lazy\" decoding=\"async\" class=\"aligncenter size-full wp-image-195889\" src=\"https:\/\/migracao.redenoticia.com.br\/noticia\/imagens\/quando-me-apaixono-elenco.jpg\" alt=\"\" width=\"1280\" height=\"720\" srcset=\"https:\/\/migracao.redenoticia.com.br\/noticia\/imagens\/quando-me-apaixono-elenco.jpg 1280w, https:\/\/migracao.redenoticia.com.br\/noticia\/imagens\/quando-me-apaixono-elenco-250x140.jpg 250w, https:\/\/migracao.redenoticia.com.br\/noticia\/imagens\/quando-me-apaixono-elenco-400x225.jpg 400w, https:\/\/migracao.redenoticia.com.br\/noticia\/imagens\/quando-me-apaixono-elenco-768x432.jpg 768w, https:\/\/migracao.redenoticia.com.br\/noticia\/imagens\/quando-me-apaixono-elenco-150x85.jpg 150w, https:\/\/migracao.redenoticia.com.br\/noticia\/imagens\/quando-me-apaixono-elenco-696x392.jpg 696w, https:\/\/migracao.redenoticia.com.br\/noticia\/imagens\/quando-me-apaixono-elenco-1068x601.jpg 1068w\" sizes=\"auto, (max-width: 1280px) 100vw, 1280px\" \/><\/p>\n<p><strong><em>Resumo da novela \u201cQuando me Apaixono\u201d<\/em><\/strong> em 16\/10: no cap\u00edtulo 065(*) da novela, a mulher que representa o banco dirige-se \u00e0s empresas Monterrubio para lhes dizer que o banco vai fazer o empr\u00e9stimo que lhes foi negado. Embora estejam muito contentes, n\u00e3o sabem que foi gra\u00e7as a Jer\u00f4nimo que esta transa\u00e7\u00e3o foi poss\u00edvel.<\/p>\n<p>Roberta chega ao hotel onde Augusto est\u00e1 hospedado e os dois t\u00eam intimidade. Jer\u00f4nimo chega de surpresa \u00e0 cl\u00ednica onde se encontra Adriana e traz-lhes um jantar para partilhar, por isso Renata fica surpreendida.<\/p>\n<p>Dona Carla chega ao escrit\u00f3rio de Gon\u00e7alo para dar sua opini\u00e3o sobre a rela\u00e7\u00e3o que ele tem com Regina. Gon\u00e7alo explica sua situa\u00e7\u00e3o, ela n\u00e3o entende e decide ir embora. Roberta chega em casa e sua m\u00e3e percebe que ela estava com um homem, por\u00e9m, a jovem n\u00e3o quer contar para sua m\u00e3e que viu Augusto.<\/p>\n<p>L\u00e1zaro pede ao Padre Severino para tentar convencer Karina a se separar do Doutor, por\u00e9m, ele diz que n\u00e3o pode fazer isso porque a religi\u00e3o n\u00e3o permite. Por outro lado, Matilde pergunta a Karina se ela quer que ela fa\u00e7a seu vestido de noiva. Jer\u00f4nimo continua fazendo todo o poss\u00edvel para reaver Renata, enquanto Carlos diz a Matilde que seus pais chegar\u00e3o em breve para pedir sua m\u00e3o e poder se casar com o homem que ela ama.<\/p>\n<p>(*) edi\u00e7\u00e3o das novelas do SBT, \u201cQuando me Apaixono \u201d, sujeito a altera\u00e7\u00e3o de data e conte\u00fado.<\/p>\n<p>Sinopse \u201cQuando me Apaixono\u201d: A hist\u00f3ria come\u00e7a com o nascimento de duas meninas, Regina e Roberta; ambas s\u00e3o filhas de Roberto Gamba (Sebasti\u00e1n Rulli), mas de m\u00e3es diferentes. Enquanto Regina \u00e9 filha de Regina Sober\u00f3n Gamba (Lidia \u00c1vila\/Julieta Rosen), a esposa leg\u00edtima de Roberto, Roberta \u00e9 filha de Josefina &#8220;Pepa&#8221; \u00c1lvarez Mart\u00ednez (Margarita Maga\u00f1a\/Roc\u00edo Banquells), a amante de Roberto.<\/p>\n<p>Quando Roberto diz a Pepa que n\u00e3o vai deixar sua esposa e sua filha Regina, aquela, cheia de raiva depois de causar a morte de Roberto, decide raptar a filha de Regina para se vingar dela e faz\u00ea-la sofrer. Pepa muda o nome de Regina para Renata e foge com as duas meninas, deixando Regina despeda\u00e7ada pela perda de sua filha.<\/p>\n","protected":false},"excerpt":{"rendered":"<p>Resumo da novela \u201cQuando me Apaixono\u201d em 16\/10: no cap\u00edtulo 065(*) da novela, a mulher que representa o banco dirige-se \u00e0s empresas Monterrubio para lhes dizer que o banco vai fazer o empr\u00e9stimo que lhes foi negado. Embora estejam muito contentes, n\u00e3o sabem que foi gra\u00e7as a Jer\u00f4nimo que esta transa\u00e7\u00e3o foi poss\u00edvel. Roberta chega [&hellip;]<\/p>\n","protected":false},"author":2,"featured_media":195893,"comment_status":"closed","ping_status":"closed","sticky":false,"template":"","format":"standard","meta":{"tdm_status":"","tdm_grid_status":"","footnotes":""},"categories":[379,2028,2025,372,343],"tags":[441],"class_list":{"0":"post-199212","1":"post","2":"type-post","3":"status-publish","4":"format-standard","5":"has-post-thumbnail","7":"category-novelas","8":"category-quando-me-apaixono","9":"category-resumo","10":"category-sbt","11":"category-televisao","12":"tag-resumo-do-dia"},"_links":{"self":[{"href":"https:\/\/migracao.redenoticia.com.br\/noticia\/wp-json\/wp\/v2\/posts\/199212","targetHints":{"allow":["GET"]}}],"collection":[{"href":"https:\/\/migracao.redenoticia.com.br\/noticia\/wp-json\/wp\/v2\/posts"}],"about":[{"href":"https:\/\/migracao.redenoticia.com.br\/noticia\/wp-json\/wp\/v2\/types\/post"}],"author":[{"embeddable":true,"href":"https:\/\/migracao.redenoticia.com.br\/noticia\/wp-json\/wp\/v2\/users\/2"}],"replies":[{"embeddable":true,"href":"https:\/\/migracao.redenoticia.com.br\/noticia\/wp-json\/wp\/v2\/comments?post=199212"}],"version-history":[{"count":0,"href":"https:\/\/migracao.redenoticia.com.br\/noticia\/wp-json\/wp\/v2\/posts\/199212\/revisions"}],"wp:featuredmedia":[{"embeddable":true,"href":"https:\/\/migracao.redenoticia.com.br\/noticia\/wp-json\/wp\/v2\/media\/195893"}],"wp:attachment":[{"href":"https:\/\/migracao.redenoticia.com.br\/noticia\/wp-json\/wp\/v2\/media?parent=199212"}],"wp:term":[{"taxonomy":"category","embeddable":true,"href":"https:\/\/migracao.redenoticia.com.br\/noticia\/wp-json\/wp\/v2\/categories?post=199212"},{"taxonomy":"post_tag","embeddable":true,"href":"https:\/\/migracao.redenoticia.com.br\/noticia\/wp-json\/wp\/v2\/tags?post=199212"}],"curies":[{"name":"wp","href":"https:\/\/api.w.org\/{rel}","templated":true}]}}