{"id":199267,"date":"2020-10-17T14:24:19","date_gmt":"2020-10-17T17:24:19","guid":{"rendered":"https:\/\/www.redenoticia.com.br\/noticia\/?p=199267"},"modified":"2020-10-17T14:24:19","modified_gmt":"2020-10-17T17:24:19","slug":"resumo-cumplices-de-um-resgate-19-10-isabela-canta-ao-lado-de-safira","status":"publish","type":"post","link":"https:\/\/migracao.redenoticia.com.br\/noticia\/2020\/resumo-cumplices-de-um-resgate-19-10-isabela-canta-ao-lado-de-safira\/199267","title":{"rendered":"Resumo \u201cC\u00famplices de um Resgate\u201d 19\/10: Isabela canta ao lado de Safira"},"content":{"rendered":"<p> <img loading=\"lazy\" decoding=\"async\" class=\"aligncenter size-full wp-image-195896\" src=\"https:\/\/migracao.redenoticia.com.br\/noticia\/imagens\/cumplices-de-um-resgate-resumo-sinopse-elenco.jpg\" alt=\"\" width=\"1280\" height=\"720\" srcset=\"https:\/\/migracao.redenoticia.com.br\/noticia\/imagens\/cumplices-de-um-resgate-resumo-sinopse-elenco.jpg 1280w, https:\/\/migracao.redenoticia.com.br\/noticia\/imagens\/cumplices-de-um-resgate-resumo-sinopse-elenco-250x140.jpg 250w, https:\/\/migracao.redenoticia.com.br\/noticia\/imagens\/cumplices-de-um-resgate-resumo-sinopse-elenco-400x225.jpg 400w, https:\/\/migracao.redenoticia.com.br\/noticia\/imagens\/cumplices-de-um-resgate-resumo-sinopse-elenco-768x432.jpg 768w, https:\/\/migracao.redenoticia.com.br\/noticia\/imagens\/cumplices-de-um-resgate-resumo-sinopse-elenco-150x85.jpg 150w, https:\/\/migracao.redenoticia.com.br\/noticia\/imagens\/cumplices-de-um-resgate-resumo-sinopse-elenco-696x392.jpg 696w, https:\/\/migracao.redenoticia.com.br\/noticia\/imagens\/cumplices-de-um-resgate-resumo-sinopse-elenco-1068x601.jpg 1068w\" sizes=\"auto, (max-width: 1280px) 100vw, 1280px\" \/><\/p>\n<p><strong><em>Resumo da novela \u201cC\u00famplices de um Resgate\u201d em 19\/10<\/em><\/strong>: no cap\u00edtulo 465(*) da novela, D\u00f3ris pensa que transformou Nico em galinha. No programa, o C1R n\u00e3o consegue se apresentar. Navarro fica em cima de Lurdinha e ela n\u00e3o sabe o que fazer. Frederico enfrenta Navarro, primeiramente disfar\u00e7ado e depois como ele mesmo para proteger Lurdinha. Em seguida, Lurdinha finalmente beija Frederico. Helena diz para Pedro que n\u00e3o aguenta mais morar com Fiorina. Isabela conta para T\u00e9o que ficou com medo de cantar ao vivo. T\u00e9o aconselha que ela n\u00e3o desista. Paola diz para Ot\u00e1vio que tentar\u00e1 conversar com Rebeca para saber o que se passa com ela. Paola vai ao vilarejo e diz que Ot\u00e1vio foi conversar com ela sobre a rela\u00e7\u00e3o deles.<\/p>\n<p>Mauricio vai atr\u00e1s de Rebeca na confec\u00e7\u00e3o e pede para ela lhe acompanhar at\u00e9 um lugar. Berta escuta toda conversa escondida. Priscila encontra Geraldo na rua e vai falar com ele. Paola diz para Ot\u00e1vio que Rebeca est\u00e1 com assuntos pessoais n\u00e3o resolvidos e aconselha ele a ficar mais atento. Safira v\u00ea Isabela ensaiando sozinha na gravadora e decide ajud\u00e1-la a criar confian\u00e7a com t\u00e9cnicas de canto. Isabela canta de maneira afinada ao lado de Safira. Geraldo vai at\u00e9 a gravadora D\u00f3-R\u00e9-Music com seus capangas com objetivo de roubar o novo single da C1R. Berta diz para Ot\u00e1vio que viu Rebeca sair com um homem. Mais tarde, Ot\u00e1vio questiona Rebeca.<\/p>\n<p>(*) edi\u00e7\u00e3o das novelas do SBT, \u201cC\u00famplices de um Resgate\u201d, sujeito a altera\u00e7\u00e3o de data e conte\u00fado.<\/p>\n<p>Sinopse \u201cC\u00famplices de um Resgate\u201d: Duas irm\u00e3s g\u00eameas univitelinas que foram separadas ap\u00f3s nascimento, se reencontram somente ap\u00f3s doze anos. Manuela, uma das g\u00eameas, \u00e9 doce, meiga, gentil, e muito talentosa para a m\u00fasica e tem uma voz encantadora. Vive uma vida feliz no Vilarejo dos Sonhos, onde mora com sua av\u00f3 Nina, sua tia Helena e sua m\u00e3e Rebeca, que d\u00e1 muito amor e carinho a filha por ela nunca ter tido um pai, e ela \u00e9 a m\u00e3e biol\u00f3gica das duas garotas, mas nunca soube que teve g\u00eameas.<\/p>\n","protected":false},"excerpt":{"rendered":"<p>Resumo da novela \u201cC\u00famplices de um Resgate\u201d em 19\/10: no cap\u00edtulo 465(*) da novela, D\u00f3ris pensa que transformou Nico em galinha. No programa, o C1R n\u00e3o consegue se apresentar. Navarro fica em cima de Lurdinha e ela n\u00e3o sabe o que fazer. Frederico enfrenta Navarro, primeiramente disfar\u00e7ado e depois como ele mesmo para proteger Lurdinha. [&hellip;]<\/p>\n","protected":false},"author":2,"featured_media":195895,"comment_status":"closed","ping_status":"closed","sticky":false,"template":"","format":"standard","meta":{"tdm_status":"","tdm_grid_status":"","footnotes":""},"categories":[379,2025,372,343],"tags":[441],"class_list":{"0":"post-199267","1":"post","2":"type-post","3":"status-publish","4":"format-standard","5":"has-post-thumbnail","7":"category-novelas","8":"category-resumo","9":"category-sbt","10":"category-televisao","11":"tag-resumo-do-dia"},"_links":{"self":[{"href":"https:\/\/migracao.redenoticia.com.br\/noticia\/wp-json\/wp\/v2\/posts\/199267","targetHints":{"allow":["GET"]}}],"collection":[{"href":"https:\/\/migracao.redenoticia.com.br\/noticia\/wp-json\/wp\/v2\/posts"}],"about":[{"href":"https:\/\/migracao.redenoticia.com.br\/noticia\/wp-json\/wp\/v2\/types\/post"}],"author":[{"embeddable":true,"href":"https:\/\/migracao.redenoticia.com.br\/noticia\/wp-json\/wp\/v2\/users\/2"}],"replies":[{"embeddable":true,"href":"https:\/\/migracao.redenoticia.com.br\/noticia\/wp-json\/wp\/v2\/comments?post=199267"}],"version-history":[{"count":0,"href":"https:\/\/migracao.redenoticia.com.br\/noticia\/wp-json\/wp\/v2\/posts\/199267\/revisions"}],"wp:featuredmedia":[{"embeddable":true,"href":"https:\/\/migracao.redenoticia.com.br\/noticia\/wp-json\/wp\/v2\/media\/195895"}],"wp:attachment":[{"href":"https:\/\/migracao.redenoticia.com.br\/noticia\/wp-json\/wp\/v2\/media?parent=199267"}],"wp:term":[{"taxonomy":"category","embeddable":true,"href":"https:\/\/migracao.redenoticia.com.br\/noticia\/wp-json\/wp\/v2\/categories?post=199267"},{"taxonomy":"post_tag","embeddable":true,"href":"https:\/\/migracao.redenoticia.com.br\/noticia\/wp-json\/wp\/v2\/tags?post=199267"}],"curies":[{"name":"wp","href":"https:\/\/api.w.org\/{rel}","templated":true}]}}