{"id":199411,"date":"2020-10-20T11:59:12","date_gmt":"2020-10-20T14:59:12","guid":{"rendered":"https:\/\/www.redenoticia.com.br\/noticia\/?p=199411"},"modified":"2020-10-20T11:59:12","modified_gmt":"2020-10-20T14:59:12","slug":"resumo-o-que-a-vida-me-roubou-21-10-todos-desconfiam-de-que-pedro-esta-vivo","status":"publish","type":"post","link":"https:\/\/migracao.redenoticia.com.br\/noticia\/2020\/resumo-o-que-a-vida-me-roubou-21-10-todos-desconfiam-de-que-pedro-esta-vivo\/199411","title":{"rendered":"Resumo \u201cO Que A Vida Me Roubou\u201d 21\/10: Todos desconfiam de que Pedro est\u00e1 vivo"},"content":{"rendered":"<p><img loading=\"lazy\" decoding=\"async\" class=\"aligncenter size-full wp-image-195880\" src=\"https:\/\/migracao.redenoticia.com.br\/noticia\/imagens\/o-que-a-vida-me-roubou-resumo-sinopse.jpg\" alt=\"\" width=\"1280\" height=\"720\" srcset=\"https:\/\/migracao.redenoticia.com.br\/noticia\/imagens\/o-que-a-vida-me-roubou-resumo-sinopse.jpg 1280w, https:\/\/migracao.redenoticia.com.br\/noticia\/imagens\/o-que-a-vida-me-roubou-resumo-sinopse-250x140.jpg 250w, https:\/\/migracao.redenoticia.com.br\/noticia\/imagens\/o-que-a-vida-me-roubou-resumo-sinopse-400x225.jpg 400w, https:\/\/migracao.redenoticia.com.br\/noticia\/imagens\/o-que-a-vida-me-roubou-resumo-sinopse-768x432.jpg 768w, https:\/\/migracao.redenoticia.com.br\/noticia\/imagens\/o-que-a-vida-me-roubou-resumo-sinopse-150x85.jpg 150w, https:\/\/migracao.redenoticia.com.br\/noticia\/imagens\/o-que-a-vida-me-roubou-resumo-sinopse-696x392.jpg 696w, https:\/\/migracao.redenoticia.com.br\/noticia\/imagens\/o-que-a-vida-me-roubou-resumo-sinopse-1068x601.jpg 1068w\" sizes=\"auto, (max-width: 1280px) 100vw, 1280px\" \/><\/p>\n<p><strong><em>Resumo da novela \u201cO Que A Vida Me Roubou\u201d<\/em><\/strong> em 21\/10: no cap\u00edtulo 133(*) da novela, Adolfo pede Josefina em casamento. Jos\u00e9 Lu\u00eds chega na casa de Montserrat e Alessandro para visitar sua filha. Montserrat conversa seriamente com Jos\u00e9 Luiz e pergunta porque est\u00e1 pedindo a guarda da filha. Jos\u00e9 Luiz diz que ela n\u00e3o \u00e9 um bom exemplo para a filha por ser como sua m\u00e3e. Montserrat d\u00e1 uma bofetada no homem. Carlota telefona para Dem\u00e9trio e Montserrat e pede para eles visitarem sua m\u00e3e que est\u00e1 h\u00e1 v\u00e1rios dias sem comer e tomar banho. Pedro telefona para Adolfo e comenta que Josefina est\u00e1 muito elegante. Quando ele se volta para v\u00ea-la Adolfo corre para evitar que Josefina seja atropelada. Renato pede a Esmeralda que seja sincera e diga o que a incomoda. N\u00e1dia est\u00e1 prestes a se deitar quando V\u00edtor chega a tempo de det\u00ea-la, pois sua cama est\u00e1 cheia de escorpi\u00f5es. Montserrat e Dem\u00e9trio levam Graziela ao hospital. Jos\u00e9 Luiz chega na casa da fam\u00edlia Medina com V\u00edtor e N\u00e1dia para ver o que aconteceu.<\/p>\n<p>Graziela discute com os filhos por causa da venda da casa. Josefina flagra Adolfo dormindo em seu carro portando um rev\u00f3lver e ele se justifica dizendo que viu pessoas suspeitas rondando a casa e decidiu vigiar. V\u00edtor volta com N\u00e1dia para casa e tenta acalm\u00e1-la dizendo que Dem\u00e9trio vai investigar a suposta volta de Pedro Medina. Montserrat fica sabendo que sua m\u00e3e recusou o tratamento e sua sa\u00fade inspira cuidados. Esmeralda ouve Erick cantar e ao terminar se aproxima junto com seu filho. Erick a elogia, diz que ela dan\u00e7a muito bem e pergunta se \u00e9 casada. Ao saber que Esmeralda \u00e9 solteira a convida para jantar. Dem\u00e9trio e Renato procuram Jos\u00e9 Luiz para fazer algumas perguntas sobre a noite me que Pedro Medina desapareceu. Jos\u00e9 Luiz fica indignado e diz que est\u00e1 sendo acusado de algo muito grave. Renato diz que h\u00e1 muitos pontos obscuros na noite em que Pedro supostamente foi morto.<\/p>\n<p>(*) edi\u00e7\u00e3o das novelas do SBT, \u201cO Que A Vida Me Roubou\u201d, sujeito a altera\u00e7\u00e3o de data e conte\u00fado.<\/p>\n<p>Sinopse \u201cO Que A Vida Me Roubou\u201d: A hist\u00f3ria se passa em \u00c1gua Azul, onde Montserrat vive. Montserrat \u00e9 uma bela jovem socialite que sempre foi dominada por sua m\u00e3e Graziela, cuja \u00fanica preocupa\u00e7\u00e3o \u00e9 o seu elevado estatuto na sociedade, mesmo que a fam\u00edlia esteja financeiramente arruinada. Montserrat, apesar de fazer tudo o que sua m\u00e3e diz-lhe, secretamente mant\u00e9m um relacionamento com Jos\u00e9 Luis da marinha, com quem planeja se casar.<\/p>\n","protected":false},"excerpt":{"rendered":"<p>Resumo da novela \u201cO Que A Vida Me Roubou\u201d em 21\/10: no cap\u00edtulo 133(*) da novela, Adolfo pede Josefina em casamento. Jos\u00e9 Lu\u00eds chega na casa de Montserrat e Alessandro para visitar sua filha. Montserrat conversa seriamente com Jos\u00e9 Luiz e pergunta porque est\u00e1 pedindo a guarda da filha. Jos\u00e9 Luiz diz que ela n\u00e3o [&hellip;]<\/p>\n","protected":false},"author":4,"featured_media":197370,"comment_status":"closed","ping_status":"closed","sticky":false,"template":"","format":"standard","meta":{"tdm_status":"","tdm_grid_status":"","footnotes":""},"categories":[379,372,343],"tags":[441],"class_list":{"0":"post-199411","1":"post","2":"type-post","3":"status-publish","4":"format-standard","5":"has-post-thumbnail","7":"category-novelas","8":"category-sbt","9":"category-televisao","10":"tag-resumo-do-dia"},"_links":{"self":[{"href":"https:\/\/migracao.redenoticia.com.br\/noticia\/wp-json\/wp\/v2\/posts\/199411","targetHints":{"allow":["GET"]}}],"collection":[{"href":"https:\/\/migracao.redenoticia.com.br\/noticia\/wp-json\/wp\/v2\/posts"}],"about":[{"href":"https:\/\/migracao.redenoticia.com.br\/noticia\/wp-json\/wp\/v2\/types\/post"}],"author":[{"embeddable":true,"href":"https:\/\/migracao.redenoticia.com.br\/noticia\/wp-json\/wp\/v2\/users\/4"}],"replies":[{"embeddable":true,"href":"https:\/\/migracao.redenoticia.com.br\/noticia\/wp-json\/wp\/v2\/comments?post=199411"}],"version-history":[{"count":0,"href":"https:\/\/migracao.redenoticia.com.br\/noticia\/wp-json\/wp\/v2\/posts\/199411\/revisions"}],"wp:featuredmedia":[{"embeddable":true,"href":"https:\/\/migracao.redenoticia.com.br\/noticia\/wp-json\/wp\/v2\/media\/197370"}],"wp:attachment":[{"href":"https:\/\/migracao.redenoticia.com.br\/noticia\/wp-json\/wp\/v2\/media?parent=199411"}],"wp:term":[{"taxonomy":"category","embeddable":true,"href":"https:\/\/migracao.redenoticia.com.br\/noticia\/wp-json\/wp\/v2\/categories?post=199411"},{"taxonomy":"post_tag","embeddable":true,"href":"https:\/\/migracao.redenoticia.com.br\/noticia\/wp-json\/wp\/v2\/tags?post=199411"}],"curies":[{"name":"wp","href":"https:\/\/api.w.org\/{rel}","templated":true}]}}