{"id":199413,"date":"2020-10-20T12:00:25","date_gmt":"2020-10-20T15:00:25","guid":{"rendered":"https:\/\/www.redenoticia.com.br\/noticia\/?p=199413"},"modified":"2020-10-20T12:00:25","modified_gmt":"2020-10-20T15:00:25","slug":"resumo-chiquititas-21-10-jose-ricardo-garante-que-estefania-nao-e-a-mae-de-mili","status":"publish","type":"post","link":"https:\/\/migracao.redenoticia.com.br\/noticia\/2020\/resumo-chiquititas-21-10-jose-ricardo-garante-que-estefania-nao-e-a-mae-de-mili\/199413","title":{"rendered":"Resumo \u201cChiquititas\u201d 21\/10: Jos\u00e9 Ricardo garante que Estef\u00e2nia n\u00e3o \u00e9 a m\u00e3e de Mili"},"content":{"rendered":"<p><img loading=\"lazy\" decoding=\"async\" class=\"aligncenter size-full wp-image-195897\" src=\"https:\/\/migracao.redenoticia.com.br\/noticia\/imagens\/chiquititas-resumo-sinopse.jpg\" alt=\"\" width=\"1280\" height=\"720\" srcset=\"https:\/\/migracao.redenoticia.com.br\/noticia\/imagens\/chiquititas-resumo-sinopse.jpg 1280w, https:\/\/migracao.redenoticia.com.br\/noticia\/imagens\/chiquititas-resumo-sinopse-250x140.jpg 250w, https:\/\/migracao.redenoticia.com.br\/noticia\/imagens\/chiquititas-resumo-sinopse-400x225.jpg 400w, https:\/\/migracao.redenoticia.com.br\/noticia\/imagens\/chiquititas-resumo-sinopse-768x432.jpg 768w, https:\/\/migracao.redenoticia.com.br\/noticia\/imagens\/chiquititas-resumo-sinopse-150x85.jpg 150w, https:\/\/migracao.redenoticia.com.br\/noticia\/imagens\/chiquititas-resumo-sinopse-696x392.jpg 696w, https:\/\/migracao.redenoticia.com.br\/noticia\/imagens\/chiquititas-resumo-sinopse-1068x601.jpg 1068w\" sizes=\"auto, (max-width: 1280px) 100vw, 1280px\" \/><\/p>\n<p><strong><em>Resumo da novela \u201cChiquititas\u201d<\/em><\/strong> em 21\/10: no cap\u00edtulo 081(*) da novela, no orfanato, Chico convida Estef\u00e2nia (Adriana Alencar) para almo\u00e7ar e Mili aceita a sugest\u00e3o. No Caf\u00e9 Boutique, Armando e Carol ir\u00e3o trabalhar na mesma sala. O rapaz trata sua nova assessora de uma forma grosseira e Carol n\u00e3o aceita as atitudes de Armando. Eduarda revela a Maria Cec\u00edlia que j\u00e1 sabe que a filha pediu demiss\u00e3o. A socialite tenta obrig\u00e1-la a voltar para o trabalho, mas a mo\u00e7a diz que n\u00e3o ir\u00e1 fazer isso. Maria Cec\u00edlia pede \u00e0 m\u00e3e que comece a economizar e a ex-modelo se desespera. No shopping, D\u00e9bora e Priscila combinam de sair com seus namorados e convidam Vivi para ir com Mosca. A \u00f3rf\u00e3 mente para as novas amigas e diz que ter\u00e1 um compromisso com o garoto. D\u00e9bora avisa a pequenina que elas precisar\u00e3o ir a uma festa e que precisam comprar roupas novas. Na cozinha, os \u00f3rf\u00e3os fazem um interrogat\u00f3rio com Estef\u00e2nia. Chico pergunta \u00e0 mo\u00e7a se ela far\u00e1 todos os testes para verificar se Mili \u00e9 realmente sua filha, a mo\u00e7a afirma que sim.<\/p>\n<p>A mulher diz que mora em Niter\u00f3i e as crian\u00e7as estranham que Estef\u00e2nia n\u00e3o tenha nenhum sotaque. Mili interrompe as perguntas e pede para que todos apreciem a comida do cozinheiro. No shopping, D\u00e9bora e Priscila compram roupas novas. Vivi se assusta com os pre\u00e7os das pe\u00e7as. No Caf\u00e9 Boutique, Clarita conta a Carol que procurou \u00c9rica pelo FrendiBuqui. A garota demonstra preocupa\u00e7\u00e3o com a concorrente e diz que Beto precisa mudar o status na sua rede social para namorando. No orfanato, os \u00f3rf\u00e3os comentam que Estef\u00e2nia tem um jeito estranho de agir. Mosca da \u00e0 ideia de todos seguirem a mulher para descobrirem tudo sobre ela. No Caf\u00e9 Boutique, Armando encontra Cintia no elevador. A diretora diz ao rapaz que foi visitar C\u00edcero (Ernando Tiago) na pris\u00e3o e que logo estar\u00e1 livre de Vivi e Tati. Armando pede para que a mo\u00e7a n\u00e3o se esque\u00e7a que ele a ajudou. Cintia fala ao vil\u00e3o que precisa se livrar de todos os \u00f3rf\u00e3os para poder procurar o tesouro que tem escondido no orfanato. No orfanato, Estef\u00e2nia se despede de Mili e diz que n\u00e3o v\u00ea a hora de ficar junto da filha.<\/p>\n<p>Ao sair do local, Mosca, Rafa, Binho, Pata e Bia seguem a mulher. Cintia conta a Jos\u00e9 Ricardo que a m\u00e3e de Mili apareceu. Assustado com a not\u00edcia, o empres\u00e1rio garante a namorada que Estef\u00e2nia n\u00e3o \u00e9 a m\u00e3e de Mili. Cintia estranha \u00e0 rea\u00e7\u00e3o de Jos\u00e9 Ricardo e pergunta se ele conheceu a m\u00e3e da pequenina. O homem diz que n\u00e3o, mas que segundo Sofia a m\u00e3e de Mili n\u00e3o se chamava Estef\u00e2nia e que j\u00e1 faleceu. No orfanato, Mili est\u00e1 pensativa no p\u00e1tio e Duda resolve fazer uma surpresa para a garota. A pequenina revela que est\u00e1 com medo de que a mo\u00e7a n\u00e3o seja sua m\u00e3e. Duda acalma a garota e diz que elas podem fazer um exame de DNA. Mili revela que Estef\u00e2nia a convidou para voltarem juntos a sua cidade, pois ela precisa ir embora. Duda tenta acalmar a amiga e pergunta se ela quer ir junto com sua suposta m\u00e3e. A \u00f3rf\u00e3 confessa que tem medo de perder a chance de ter uma fam\u00edlia. As crian\u00e7as seguem Estef\u00e2nia e a observam conversando com um homem suspeito. A mulher entrega para o rapaz um envelope e a atitude intriga os pequeninos. Eles resolvem continuar seguindo a moca, quando um carro para com dois homens e Estef\u00e2nia foge em um taxi.<\/p>\n<p>As crian\u00e7as voltam para o orfanato e contam a Mili e Duda tudo o que viram. A pequenina estranha e acredita que os amigos est\u00e3o julgando a mulher sem saber o que est\u00e1 acontecendo. Confusa, Mili resolve n\u00e3o falar mais sobre o assunto e sobe para o seu quarto. Preocupados, os \u00f3rf\u00e3os v\u00e3o \u00e0 sala de Cintia e contam a diretora sobre o que viram. A mulher tenta acalm\u00e1-los e diz que ir\u00e1 pedir para Estef\u00e2nia ir at\u00e9 o orfanato para conversarem. A diretora fica irritada com a descoberta dos pequeninos. Mais tarde, Estef\u00e2nia chega ao local. A mo\u00e7a encontra com todas as crian\u00e7as e Mosca a questiona sobre tudo o que viu. Surpresa, a mulher diz que o homem que eles a viram conversando \u00e9 seu mec\u00e2nico. Os outros dois que a seguiram, ela n\u00e3o sabe e por medo fugiu. Cintia chama Estef\u00e2nia para conversar em sua sala. A diretora avisa a mulher que precisa parar o processo da guarda, pois recebeu informa\u00e7\u00f5es de que ela n\u00e3o pode ser a m\u00e3e de Mili. Estef\u00e2nia n\u00e3o concorda e diz que \u00e9 a m\u00e3e biol\u00f3gica da garota. Cintia conta que se ela quiser a guarda da filha, ter\u00e1 que provar que \u00e9 sua m\u00e3e verdadeira. Estef\u00e2nia pede para conversar com Mili e a diretora autoriza. No jardim, a mo\u00e7a n\u00e3o conta a Mili o que Cintia conversou com ela e a convida para tomar um sorvete.<\/p>\n<p>A pequenina aceita o convite e diz que precisa avisar Cintia, mas Estef\u00e2nia diz que n\u00e3o ser\u00e1 necess\u00e1rio, pois j\u00e1 avisou a diretora sobre o passeio. Ao sa\u00edrem, Mili encontra com Ernestina no port\u00e3o e avisa a zeladora que sair\u00e1 com sua suposta m\u00e3e. No orfanato, Mosca, Rafa, Binho, Pata e Bia n\u00e3o se convenceram com as desculpas de Estef\u00e2nia. No mesmo momento, Vivi encontra uma mat\u00e9ria na internet com uma foto da mo\u00e7a. A not\u00edcia diz que Estef\u00e2nia \u00e9 uma foragida de um hospital psiqui\u00e1trico e que est\u00e1 usando uma falsa identidade. As crian\u00e7as procuram Mili por todo o orfanato e n\u00e3o a acham. Ernestina avisa que a garota saiu com a Estef\u00e2nia e os \u00f3rf\u00e3os contam para Chico e a zeladora sobre a not\u00edcia que viram. Mosca tenta ligar para o celular de Mili. Na mans\u00e3o da fam\u00edlia Almeida Campos, Junior recebe uma liga\u00e7\u00e3o de Chico e o rapaz comenta com Duda, os dois v\u00e3o para o orfanato. Mili, que est\u00e1 no carro com a mulher, atende o celular e Mosca conta para a amiga o que est\u00e1 acontecendo. Ao desligar, a \u00f3rf\u00e3 tenta disfar\u00e7ar e Estef\u00e2nia percebe que a menina esta estranha.<\/p>\n<p>(*) edi\u00e7\u00e3o das novelas do SBT, \u201cChiquititas\u201d, sujeito a altera\u00e7\u00e3o de data e conte\u00fado.<\/p>\n","protected":false},"excerpt":{"rendered":"<p>Resumo da novela \u201cChiquititas\u201d em 21\/10: no cap\u00edtulo 081(*) da novela, no orfanato, Chico convida Estef\u00e2nia (Adriana Alencar) para almo\u00e7ar e Mili aceita a sugest\u00e3o. No Caf\u00e9 Boutique, Armando e Carol ir\u00e3o trabalhar na mesma sala. O rapaz trata sua nova assessora de uma forma grosseira e Carol n\u00e3o aceita as atitudes de Armando. Eduarda [&hellip;]<\/p>\n","protected":false},"author":4,"featured_media":195894,"comment_status":"closed","ping_status":"closed","sticky":false,"template":"","format":"standard","meta":{"tdm_status":"","tdm_grid_status":"","footnotes":""},"categories":[409,379,2025,372,343],"tags":[441],"class_list":{"0":"post-199413","1":"post","2":"type-post","3":"status-publish","4":"format-standard","5":"has-post-thumbnail","7":"category-chiquititas","8":"category-novelas","9":"category-resumo","10":"category-sbt","11":"category-televisao","12":"tag-resumo-do-dia"},"_links":{"self":[{"href":"https:\/\/migracao.redenoticia.com.br\/noticia\/wp-json\/wp\/v2\/posts\/199413","targetHints":{"allow":["GET"]}}],"collection":[{"href":"https:\/\/migracao.redenoticia.com.br\/noticia\/wp-json\/wp\/v2\/posts"}],"about":[{"href":"https:\/\/migracao.redenoticia.com.br\/noticia\/wp-json\/wp\/v2\/types\/post"}],"author":[{"embeddable":true,"href":"https:\/\/migracao.redenoticia.com.br\/noticia\/wp-json\/wp\/v2\/users\/4"}],"replies":[{"embeddable":true,"href":"https:\/\/migracao.redenoticia.com.br\/noticia\/wp-json\/wp\/v2\/comments?post=199413"}],"version-history":[{"count":0,"href":"https:\/\/migracao.redenoticia.com.br\/noticia\/wp-json\/wp\/v2\/posts\/199413\/revisions"}],"wp:featuredmedia":[{"embeddable":true,"href":"https:\/\/migracao.redenoticia.com.br\/noticia\/wp-json\/wp\/v2\/media\/195894"}],"wp:attachment":[{"href":"https:\/\/migracao.redenoticia.com.br\/noticia\/wp-json\/wp\/v2\/media?parent=199413"}],"wp:term":[{"taxonomy":"category","embeddable":true,"href":"https:\/\/migracao.redenoticia.com.br\/noticia\/wp-json\/wp\/v2\/categories?post=199413"},{"taxonomy":"post_tag","embeddable":true,"href":"https:\/\/migracao.redenoticia.com.br\/noticia\/wp-json\/wp\/v2\/tags?post=199413"}],"curies":[{"name":"wp","href":"https:\/\/api.w.org\/{rel}","templated":true}]}}