{"id":199415,"date":"2020-10-20T12:01:32","date_gmt":"2020-10-20T15:01:32","guid":{"rendered":"https:\/\/www.redenoticia.com.br\/noticia\/?p=199415"},"modified":"2020-10-20T12:01:32","modified_gmt":"2020-10-20T15:01:32","slug":"resumo-cumplices-de-um-resgate-21-10-manuela-esta-preocupada-com-discussao-entre-rebeca-e-otavio","status":"publish","type":"post","link":"https:\/\/migracao.redenoticia.com.br\/noticia\/2020\/resumo-cumplices-de-um-resgate-21-10-manuela-esta-preocupada-com-discussao-entre-rebeca-e-otavio\/199415","title":{"rendered":"Resumo \u201cC\u00famplices de um Resgate\u201d 21\/10: Manuela est\u00e1 preocupada com discuss\u00e3o entre Rebeca e Ot\u00e1vio."},"content":{"rendered":"<p><img loading=\"lazy\" decoding=\"async\" class=\"aligncenter size-full wp-image-195896\" src=\"https:\/\/migracao.redenoticia.com.br\/noticia\/imagens\/cumplices-de-um-resgate-resumo-sinopse-elenco.jpg\" alt=\"\" width=\"1280\" height=\"720\" srcset=\"https:\/\/migracao.redenoticia.com.br\/noticia\/imagens\/cumplices-de-um-resgate-resumo-sinopse-elenco.jpg 1280w, https:\/\/migracao.redenoticia.com.br\/noticia\/imagens\/cumplices-de-um-resgate-resumo-sinopse-elenco-250x140.jpg 250w, https:\/\/migracao.redenoticia.com.br\/noticia\/imagens\/cumplices-de-um-resgate-resumo-sinopse-elenco-400x225.jpg 400w, https:\/\/migracao.redenoticia.com.br\/noticia\/imagens\/cumplices-de-um-resgate-resumo-sinopse-elenco-768x432.jpg 768w, https:\/\/migracao.redenoticia.com.br\/noticia\/imagens\/cumplices-de-um-resgate-resumo-sinopse-elenco-150x85.jpg 150w, https:\/\/migracao.redenoticia.com.br\/noticia\/imagens\/cumplices-de-um-resgate-resumo-sinopse-elenco-696x392.jpg 696w, https:\/\/migracao.redenoticia.com.br\/noticia\/imagens\/cumplices-de-um-resgate-resumo-sinopse-elenco-1068x601.jpg 1068w\" sizes=\"auto, (max-width: 1280px) 100vw, 1280px\" \/><\/p>\n<p><strong><em>Resumo da novela \u201cC\u00famplices de um Resgate\u201d em 21\/10<\/em><\/strong>: no cap\u00edtulo 467(*) da novela, Rebeca conversa com Nina sobre Maur\u00edcio. Isabela ensaia pela primeira vez com seguran\u00e7a e acerta na afina\u00e7\u00e3o. Todos ficam impressionados e parabenizam ela. Andr\u00e9 conta para os amigos da C1R que Paola, que na verdade \u00e9 Regina, est\u00e1 desconfiada que ele e Andr\u00eas s\u00e3o a mesma pessoa. Manuela diz para Isabela que est\u00e1 preocupada com a discuss\u00e3o entre Rebeca e Ot\u00e1vio. Manuela diz que viu a m\u00e3e se encontrando com um homem desconhecido e que deram as m\u00e3os.<\/p>\n<p>(*) edi\u00e7\u00e3o das novelas do SBT, \u201cC\u00famplices de um Resgate\u201d, sujeito a altera\u00e7\u00e3o de data e conte\u00fado.<\/p>\n<p>Sinopse \u201cC\u00famplices de um Resgate\u201d: Duas irm\u00e3s g\u00eameas univitelinas que foram separadas ap\u00f3s nascimento, se reencontram somente ap\u00f3s doze anos. Manuela, uma das g\u00eameas, \u00e9 doce, meiga, gentil, e muito talentosa para a m\u00fasica e tem uma voz encantadora. Vive uma vida feliz no Vilarejo dos Sonhos, onde mora com sua av\u00f3 Nina, sua tia Helena e sua m\u00e3e Rebeca, que d\u00e1 muito amor e carinho a filha por ela nunca ter tido um pai, e ela \u00e9 a m\u00e3e biol\u00f3gica das duas garotas, mas nunca soube que teve g\u00eameas.<\/p>\n","protected":false},"excerpt":{"rendered":"<p>Resumo da novela \u201cC\u00famplices de um Resgate\u201d em 21\/10: no cap\u00edtulo 467(*) da novela, Rebeca conversa com Nina sobre Maur\u00edcio. Isabela ensaia pela primeira vez com seguran\u00e7a e acerta na afina\u00e7\u00e3o. Todos ficam impressionados e parabenizam ela. Andr\u00e9 conta para os amigos da C1R que Paola, que na verdade \u00e9 Regina, est\u00e1 desconfiada que ele [&hellip;]<\/p>\n","protected":false},"author":4,"featured_media":195896,"comment_status":"closed","ping_status":"closed","sticky":false,"template":"","format":"standard","meta":{"tdm_status":"","tdm_grid_status":"","footnotes":""},"categories":[379,2025,372,343],"tags":[441],"class_list":{"0":"post-199415","1":"post","2":"type-post","3":"status-publish","4":"format-standard","5":"has-post-thumbnail","7":"category-novelas","8":"category-resumo","9":"category-sbt","10":"category-televisao","11":"tag-resumo-do-dia"},"_links":{"self":[{"href":"https:\/\/migracao.redenoticia.com.br\/noticia\/wp-json\/wp\/v2\/posts\/199415","targetHints":{"allow":["GET"]}}],"collection":[{"href":"https:\/\/migracao.redenoticia.com.br\/noticia\/wp-json\/wp\/v2\/posts"}],"about":[{"href":"https:\/\/migracao.redenoticia.com.br\/noticia\/wp-json\/wp\/v2\/types\/post"}],"author":[{"embeddable":true,"href":"https:\/\/migracao.redenoticia.com.br\/noticia\/wp-json\/wp\/v2\/users\/4"}],"replies":[{"embeddable":true,"href":"https:\/\/migracao.redenoticia.com.br\/noticia\/wp-json\/wp\/v2\/comments?post=199415"}],"version-history":[{"count":0,"href":"https:\/\/migracao.redenoticia.com.br\/noticia\/wp-json\/wp\/v2\/posts\/199415\/revisions"}],"wp:featuredmedia":[{"embeddable":true,"href":"https:\/\/migracao.redenoticia.com.br\/noticia\/wp-json\/wp\/v2\/media\/195896"}],"wp:attachment":[{"href":"https:\/\/migracao.redenoticia.com.br\/noticia\/wp-json\/wp\/v2\/media?parent=199415"}],"wp:term":[{"taxonomy":"category","embeddable":true,"href":"https:\/\/migracao.redenoticia.com.br\/noticia\/wp-json\/wp\/v2\/categories?post=199415"},{"taxonomy":"post_tag","embeddable":true,"href":"https:\/\/migracao.redenoticia.com.br\/noticia\/wp-json\/wp\/v2\/tags?post=199415"}],"curies":[{"name":"wp","href":"https:\/\/api.w.org\/{rel}","templated":true}]}}