{"id":199421,"date":"2020-10-20T12:04:35","date_gmt":"2020-10-20T15:04:35","guid":{"rendered":"https:\/\/www.redenoticia.com.br\/noticia\/?p=199421"},"modified":"2020-10-20T12:04:35","modified_gmt":"2020-10-20T15:04:35","slug":"resumo-malhacao-viva-a-diferenca-20-10-guto-fica-penalizado-com-o-estado-de-bene","status":"publish","type":"post","link":"https:\/\/migracao.redenoticia.com.br\/noticia\/2020\/resumo-malhacao-viva-a-diferenca-20-10-guto-fica-penalizado-com-o-estado-de-bene\/199421","title":{"rendered":"Resumo \u201cMalha\u00e7\u00e3o\u201d Viva a Diferen\u00e7a 20\/10: Guto fica penalizado com o estado de Ben\u00ea"},"content":{"rendered":"<p><img loading=\"lazy\" decoding=\"async\" class=\"aligncenter size-full wp-image-197361\" src=\"https:\/\/migracao.redenoticia.com.br\/noticia\/imagens\/malhacao-viva-a-diferenca-elenco-protagonistas.jpg\" alt=\"\" width=\"1280\" height=\"720\" srcset=\"https:\/\/migracao.redenoticia.com.br\/noticia\/imagens\/malhacao-viva-a-diferenca-elenco-protagonistas.jpg 1280w, https:\/\/migracao.redenoticia.com.br\/noticia\/imagens\/malhacao-viva-a-diferenca-elenco-protagonistas-250x140.jpg 250w, https:\/\/migracao.redenoticia.com.br\/noticia\/imagens\/malhacao-viva-a-diferenca-elenco-protagonistas-400x225.jpg 400w, https:\/\/migracao.redenoticia.com.br\/noticia\/imagens\/malhacao-viva-a-diferenca-elenco-protagonistas-768x432.jpg 768w, https:\/\/migracao.redenoticia.com.br\/noticia\/imagens\/malhacao-viva-a-diferenca-elenco-protagonistas-150x85.jpg 150w\" sizes=\"auto, (max-width: 1280px) 100vw, 1280px\" \/><\/p>\n<p><em><strong>Resumo da novela \u201cMalha\u00e7\u00e3o\u201d Viva a Diferen\u00e7a<\/strong><\/em> em 21\/10: no cap\u00edtulo 142(*) da novela, Ben\u00ea avisa a Guto que n\u00e3o vai \u00e0 audi\u00e7\u00e3o com o professor dele. Malu decide reter os alunos no col\u00e9gio. Keyla fala para D\u00f3ris sobre sua desconfian\u00e7a com Dog\u00e3o. Dog\u00e3o fica tenso quando Tato avisa que o culpado do atentado pode ser preso. K1 e K2 ironizam o estado de Ben\u00ea. Fio vai ao col\u00e9gio Grupo para alertar Ellen. Ellen e Guto fogem do col\u00e9gio para ver Ben\u00ea. Os celulares s\u00e3o encontrados. Guto fica penalizado com o estado de Ben\u00ea. Malu afirma que encontrar\u00e1 o culpado pelo sumi\u00e7o dos celulares. Keyla e Ellen se cruzam na sala de D\u00f3ris. Guto tranquiliza Ben\u00ea e a ajuda a se entender com Ellen. Ellen e Keyla fazem as pazes. Felipe fala para MB assumir para Malu que \u00e9 o culpado pelo sumi\u00e7o dos celulares. Roney canta uma m\u00fasica para Josefina. D\u00f3ris se re\u00fane com os alunos. Malu acusa Ellen e Guto de serem os culpados pelo sumi\u00e7o dos celulares e mostra a imagem dos dois pulando o muro da escola.<\/p>\n<p>(*) edi\u00e7\u00e3o das novelas da Globo, \u201cMalha\u00e7\u00e3o\u201d Viva a Diferen\u00e7a, sujeito a altera\u00e7\u00e3o de data e conte\u00fado.<\/p>\n<p>Sinopse \u201cMalha\u00e7\u00e3o\u201d Viva a Diferen\u00e7a: No vibrante e ca\u00f3tico universo de S\u00e3o Paulo, Keyla (Gabriela Medvedovski), Ben\u00ea (Daphne Bozaski), Tina (Ana Hikari), Lica (Manoela Aliperti) e Ellen (Heslaine Vieira), cinco adolescentes que n\u00e3o se conheciam, se veem presas sozinhas no mesmo vag\u00e3o de metr\u00f4 por obra do acaso durante uma pane em um dia chuvoso. Como se n\u00e3o bastasse a tens\u00e3o natural da situa\u00e7\u00e3o, Keyla entra em trabalho de parto e elas se unem em solidariedade para ajud\u00e1-la no nascimento do beb\u00ea mesmo sem recursos dispon\u00edveis no local, criando um v\u00ednculo de amizade entre cinco garotas com backgrounds e personalidades completamente diferentes.<\/p>\n","protected":false},"excerpt":{"rendered":"<p>Resumo da novela \u201cMalha\u00e7\u00e3o\u201d Viva a Diferen\u00e7a em 21\/10: no cap\u00edtulo 142(*) da novela, Ben\u00ea avisa a Guto que n\u00e3o vai \u00e0 audi\u00e7\u00e3o com o professor dele. Malu decide reter os alunos no col\u00e9gio. Keyla fala para D\u00f3ris sobre sua desconfian\u00e7a com Dog\u00e3o. Dog\u00e3o fica tenso quando Tato avisa que o culpado do atentado pode [&hellip;]<\/p>\n","protected":false},"author":4,"featured_media":197368,"comment_status":"closed","ping_status":"closed","sticky":false,"template":"","format":"standard","meta":{"tdm_status":"","tdm_grid_status":"","footnotes":""},"categories":[447,379,375,2025,343],"tags":[441],"class_list":{"0":"post-199421","1":"post","2":"type-post","3":"status-publish","4":"format-standard","5":"has-post-thumbnail","7":"category-malhacao","8":"category-novelas","9":"category-rede-globo","10":"category-resumo","11":"category-televisao","12":"tag-resumo-do-dia"},"_links":{"self":[{"href":"https:\/\/migracao.redenoticia.com.br\/noticia\/wp-json\/wp\/v2\/posts\/199421","targetHints":{"allow":["GET"]}}],"collection":[{"href":"https:\/\/migracao.redenoticia.com.br\/noticia\/wp-json\/wp\/v2\/posts"}],"about":[{"href":"https:\/\/migracao.redenoticia.com.br\/noticia\/wp-json\/wp\/v2\/types\/post"}],"author":[{"embeddable":true,"href":"https:\/\/migracao.redenoticia.com.br\/noticia\/wp-json\/wp\/v2\/users\/4"}],"replies":[{"embeddable":true,"href":"https:\/\/migracao.redenoticia.com.br\/noticia\/wp-json\/wp\/v2\/comments?post=199421"}],"version-history":[{"count":0,"href":"https:\/\/migracao.redenoticia.com.br\/noticia\/wp-json\/wp\/v2\/posts\/199421\/revisions"}],"wp:featuredmedia":[{"embeddable":true,"href":"https:\/\/migracao.redenoticia.com.br\/noticia\/wp-json\/wp\/v2\/media\/197368"}],"wp:attachment":[{"href":"https:\/\/migracao.redenoticia.com.br\/noticia\/wp-json\/wp\/v2\/media?parent=199421"}],"wp:term":[{"taxonomy":"category","embeddable":true,"href":"https:\/\/migracao.redenoticia.com.br\/noticia\/wp-json\/wp\/v2\/categories?post=199421"},{"taxonomy":"post_tag","embeddable":true,"href":"https:\/\/migracao.redenoticia.com.br\/noticia\/wp-json\/wp\/v2\/tags?post=199421"}],"curies":[{"name":"wp","href":"https:\/\/api.w.org\/{rel}","templated":true}]}}