{"id":199642,"date":"2020-10-26T20:33:25","date_gmt":"2020-10-26T23:33:25","guid":{"rendered":"https:\/\/www.redenoticia.com.br\/noticia\/?p=199642"},"modified":"2020-10-26T20:33:25","modified_gmt":"2020-10-26T23:33:25","slug":"resumo-cumplices-de-um-resgate-27-10-otavio-e-rebeca-fazem-as-pazes","status":"publish","type":"post","link":"https:\/\/migracao.redenoticia.com.br\/noticia\/2020\/resumo-cumplices-de-um-resgate-27-10-otavio-e-rebeca-fazem-as-pazes\/199642","title":{"rendered":"Resumo \u201cC\u00famplices de um Resgate\u201d 27\/10: Ot\u00e1vio e Rebeca fazem as pazes"},"content":{"rendered":"<p> <img loading=\"lazy\" decoding=\"async\" class=\"aligncenter size-full wp-image-195896\" src=\"https:\/\/migracao.redenoticia.com.br\/noticia\/imagens\/cumplices-de-um-resgate-resumo-sinopse-elenco.jpg\" alt=\"\" width=\"1280\" height=\"720\" srcset=\"https:\/\/migracao.redenoticia.com.br\/noticia\/imagens\/cumplices-de-um-resgate-resumo-sinopse-elenco.jpg 1280w, https:\/\/migracao.redenoticia.com.br\/noticia\/imagens\/cumplices-de-um-resgate-resumo-sinopse-elenco-250x140.jpg 250w, https:\/\/migracao.redenoticia.com.br\/noticia\/imagens\/cumplices-de-um-resgate-resumo-sinopse-elenco-400x225.jpg 400w, https:\/\/migracao.redenoticia.com.br\/noticia\/imagens\/cumplices-de-um-resgate-resumo-sinopse-elenco-768x432.jpg 768w, https:\/\/migracao.redenoticia.com.br\/noticia\/imagens\/cumplices-de-um-resgate-resumo-sinopse-elenco-150x85.jpg 150w, https:\/\/migracao.redenoticia.com.br\/noticia\/imagens\/cumplices-de-um-resgate-resumo-sinopse-elenco-696x392.jpg 696w, https:\/\/migracao.redenoticia.com.br\/noticia\/imagens\/cumplices-de-um-resgate-resumo-sinopse-elenco-1068x601.jpg 1068w\" sizes=\"auto, (max-width: 1280px) 100vw, 1280px\" \/><\/p>\n<p><strong><em>Resumo da novela \u201cC\u00famplices de um Resgate\u201d em 27\/10<\/em><\/strong>: no cap\u00edtulo 470(*) da novela, os meninos pensam que \u00e9 brincadeira e riem da roupa e maquiagem de Julia. A menina sai correndo e chora. Andr\u00e9 vai atr\u00e1s de Julia. Julia diz que eles lhe veem como menino e que quer ser vista como uma garota. Andr\u00e9 consegue reverter a situa\u00e7\u00e3o e explicar que Julia deve ser como ela \u00e9. Ot\u00e1vio pensa que Paola \u00e9 apenas sua amiga. <\/p>\n<p>Safira vai atr\u00e1s de Priscila e encontra Geraldo. A mulher pro\u00edbe ele de se aproximar de Priscila. Ot\u00e1vio e Rebeca fazem as pazes. Os dois chegam no Vilarejo e se deparam com Maur\u00edcio tomando caf\u00e9 com Manuela e Nina. Rebeca diz que eles n\u00e3o podem fazer isso sem a autoriza\u00e7\u00e3o dela. Manuela fica rebelde e reclama que queria apenas passar um tempo com seu pai. Meire se veste de &#8220;Meire Miranda&#8221; e faz uma apresenta\u00e7\u00e3o para o C1R para saber a opini\u00e3o deles sobre sua performance artista.<\/p>\n<p>(*) edi\u00e7\u00e3o das novelas do SBT, \u201cC\u00famplices de um Resgate\u201d, sujeito a altera\u00e7\u00e3o de data e conte\u00fado.<\/p>\n<p>Sinopse \u201cC\u00famplices de um Resgate\u201d: Duas irm\u00e3s g\u00eameas univitelinas que foram separadas ap\u00f3s nascimento, se reencontram somente ap\u00f3s doze anos. Manuela, uma das g\u00eameas, \u00e9 doce, meiga, gentil, e muito talentosa para a m\u00fasica e tem uma voz encantadora. Vive uma vida feliz no Vilarejo dos Sonhos, onde mora com sua av\u00f3 Nina, sua tia Helena e sua m\u00e3e Rebeca, que d\u00e1 muito amor e carinho a filha por ela nunca ter tido um pai, e ela \u00e9 a m\u00e3e biol\u00f3gica das duas garotas, mas nunca soube que teve g\u00eameas.<\/p>\n","protected":false},"excerpt":{"rendered":"<p>Resumo da novela \u201cC\u00famplices de um Resgate\u201d em 27\/10: no cap\u00edtulo 470(*) da novela, os meninos pensam que \u00e9 brincadeira e riem da roupa e maquiagem de Julia. A menina sai correndo e chora. Andr\u00e9 vai atr\u00e1s de Julia. Julia diz que eles lhe veem como menino e que quer ser vista como uma garota. [&hellip;]<\/p>\n","protected":false},"author":2,"featured_media":195895,"comment_status":"closed","ping_status":"closed","sticky":false,"template":"","format":"standard","meta":{"tdm_status":"","tdm_grid_status":"","footnotes":""},"categories":[379,2025,372,343],"tags":[441],"class_list":{"0":"post-199642","1":"post","2":"type-post","3":"status-publish","4":"format-standard","5":"has-post-thumbnail","7":"category-novelas","8":"category-resumo","9":"category-sbt","10":"category-televisao","11":"tag-resumo-do-dia"},"_links":{"self":[{"href":"https:\/\/migracao.redenoticia.com.br\/noticia\/wp-json\/wp\/v2\/posts\/199642","targetHints":{"allow":["GET"]}}],"collection":[{"href":"https:\/\/migracao.redenoticia.com.br\/noticia\/wp-json\/wp\/v2\/posts"}],"about":[{"href":"https:\/\/migracao.redenoticia.com.br\/noticia\/wp-json\/wp\/v2\/types\/post"}],"author":[{"embeddable":true,"href":"https:\/\/migracao.redenoticia.com.br\/noticia\/wp-json\/wp\/v2\/users\/2"}],"replies":[{"embeddable":true,"href":"https:\/\/migracao.redenoticia.com.br\/noticia\/wp-json\/wp\/v2\/comments?post=199642"}],"version-history":[{"count":0,"href":"https:\/\/migracao.redenoticia.com.br\/noticia\/wp-json\/wp\/v2\/posts\/199642\/revisions"}],"wp:featuredmedia":[{"embeddable":true,"href":"https:\/\/migracao.redenoticia.com.br\/noticia\/wp-json\/wp\/v2\/media\/195895"}],"wp:attachment":[{"href":"https:\/\/migracao.redenoticia.com.br\/noticia\/wp-json\/wp\/v2\/media?parent=199642"}],"wp:term":[{"taxonomy":"category","embeddable":true,"href":"https:\/\/migracao.redenoticia.com.br\/noticia\/wp-json\/wp\/v2\/categories?post=199642"},{"taxonomy":"post_tag","embeddable":true,"href":"https:\/\/migracao.redenoticia.com.br\/noticia\/wp-json\/wp\/v2\/tags?post=199642"}],"curies":[{"name":"wp","href":"https:\/\/api.w.org\/{rel}","templated":true}]}}