{"id":199727,"date":"2020-10-28T12:03:30","date_gmt":"2020-10-28T15:03:30","guid":{"rendered":"https:\/\/www.redenoticia.com.br\/noticia\/?p=199727"},"modified":"2020-10-28T12:03:30","modified_gmt":"2020-10-28T15:03:30","slug":"resumo-chiquititas-29-10-junior-conversa-com-a-suposta-mae-do-filho-de-gabi","status":"publish","type":"post","link":"https:\/\/migracao.redenoticia.com.br\/noticia\/2020\/resumo-chiquititas-29-10-junior-conversa-com-a-suposta-mae-do-filho-de-gabi\/199727","title":{"rendered":"Resumo \u201cChiquititas\u201d 29\/10: J\u00fanior conversa com a suposta m\u00e3e do filho de Gabi"},"content":{"rendered":"<p><img loading=\"lazy\" decoding=\"async\" class=\"aligncenter size-full wp-image-195897\" src=\"https:\/\/migracao.redenoticia.com.br\/noticia\/imagens\/chiquititas-resumo-sinopse.jpg\" alt=\"\" width=\"1280\" height=\"720\" srcset=\"https:\/\/migracao.redenoticia.com.br\/noticia\/imagens\/chiquititas-resumo-sinopse.jpg 1280w, https:\/\/migracao.redenoticia.com.br\/noticia\/imagens\/chiquititas-resumo-sinopse-250x140.jpg 250w, https:\/\/migracao.redenoticia.com.br\/noticia\/imagens\/chiquititas-resumo-sinopse-400x225.jpg 400w, https:\/\/migracao.redenoticia.com.br\/noticia\/imagens\/chiquititas-resumo-sinopse-768x432.jpg 768w, https:\/\/migracao.redenoticia.com.br\/noticia\/imagens\/chiquititas-resumo-sinopse-150x85.jpg 150w, https:\/\/migracao.redenoticia.com.br\/noticia\/imagens\/chiquititas-resumo-sinopse-696x392.jpg 696w, https:\/\/migracao.redenoticia.com.br\/noticia\/imagens\/chiquititas-resumo-sinopse-1068x601.jpg 1068w\" sizes=\"auto, (max-width: 1280px) 100vw, 1280px\" \/><\/p>\n<p><strong><em>Resumo da novela \u201cChiquititas\u201d<\/em><\/strong> em 29\/10: no cap\u00edtulo 085(*) da novela, Let\u00edcia aproveita o passeio de bicicleta com Dani e Carol, as tr\u00eas se divertem no parque. No Caf\u00e9 Boutique, Beto comenta com Tobias e Clarita o sucesso do show que Tom\u00e1s Ferraz abriu. No mesmo momento, Eduarda entra na loja e Clarita pede ao barista que se esconda. A socialite liga para Tom\u00e1s Ferraz e o celular de Tobias toca. Eduarda marca com o barista um encontro no Caf\u00e9 Boutique e o rapaz n\u00e3o sabe o que fazer. No parque, Let\u00edcia pergunta a Carol se ela cuidaria de Dani caso acontecesse algo com ela. A mo\u00e7a afirma que sim, mas estranha \u00e0 conversa da amiga e fica preocupada. No orfanato, as crian\u00e7as se preparam para fazer um piquenique e ler os livros no p\u00e1tio. Duda chega ao local e deixa Mosca enciumado. Na mans\u00e3o da fam\u00edlia Almeida Campos, Junior cobra uma resposta de Jos\u00e9 Ricardo. O empres\u00e1rio entrega ao filho um papel com o nome e endere\u00e7o da suposta mulher que ele entregou o filho de Gabi. Acreditando no pai, Junior promete encontrar a mo\u00e7a e saber a verdadeira hist\u00f3ria de sua sobrinha. Ao ver o filho saindo, Jos\u00e9 Ricardo se lembra do momento que Sofia lhe prop\u00f5e abrir um orfanato e se compromete a cuidar da crian\u00e7a.<\/p>\n<p>O empres\u00e1rio fica preocupado e refor\u00e7a para ele mesmo que ningu\u00e9m pode saber da verdade, pois os filhos jamais o perdoariam. No orfanato, Tati sente a falta da irm\u00e3 e Cris diz que Vivi est\u00e1 com as Top 3. No passeio com as patricinhas, D\u00e9bora e Priscila tratam a garota mal e a questionam sobre o book que a \u00f3rf\u00e3 disse que faria. Do lado de fora do orfanato, C\u00edcero observa a casa e tem a esperan\u00e7a de ver Tati e Vivi. No p\u00e1tio, as crian\u00e7as escolhem os livros que ir\u00e3o ler e Mili da \u00e0 ideia deles fazerem uma hist\u00f3ria compartilhada. Junior vai ao endere\u00e7o que seu pai lhe entregou e encontra uma mulher. O rapaz a questiona sobre a crian\u00e7a que Jos\u00e9 Ricardo entregou a ela. Ant\u00f4nia (Miriam Palma) diz que o beb\u00ea morreu e foi cremado. Estranhando o comportamento da mo\u00e7a, Junior pergunta a ela se seu pai a pagou para mentir para ele. Ant\u00f4nia se irrita e deixa o rapaz sem resposta. Sem a presen\u00e7a de Junior, a mo\u00e7a liga para Jos\u00e9 Ricardo e avisa que o rapaz acaba de deixar o local.<\/p>\n<p>No Caf\u00e9 Boutique, Tom\u00e1s Ferraz, que na verdade \u00e9 Tobias disfar\u00e7ado, chega \u00e0 loja para encontrar Eduarda. Ao ver o suposto cantor portugu\u00eas, a socialite fica feliz e conta a ele que Maria Cec\u00edlia est\u00e1 sofrendo ap\u00f3s o t\u00e9rmino do namoro. A ex-modelo fala para o portugu\u00eas que a filha n\u00e3o est\u00e1 conseguindo arrumar um novo emprego e que a situa\u00e7\u00e3o est\u00e1 dif\u00edcil. Surpreso, Tobias diz que far\u00e1 algo para ajud\u00e1-las. No mesmo momento, f\u00e3s entram no Caf\u00e9 Boutique e pedem aut\u00f3grafo para o artista. No orfanato, Tati decide passear com Pipoca. C\u00edcero, que est\u00e1 sentado pr\u00f3ximo a casa, brinca com a mascote dos \u00f3rf\u00e3os. O homem se emociona ap\u00f3s saber que a pequenina \u00e9 Tati. No Caf\u00e9 Boutique, Leticia e Beto colocam as f\u00e3s de Tom\u00e1s Ferraz para fora da loja com receio que Armando veja. C\u00edcero conversa com Tati e a pequenina conta que mora com Vivi no orfanato. Em casa, Maria Cec\u00edlia se desespera com a sua situa\u00e7\u00e3o.<\/p>\n<p>No mesmo momento, Tobias, vestido de Tom\u00e1s Ferraz, entra em seu quarto e a surpreende. Vivi volta do passeio com suas novas amigas e C\u00edcero observa a filha. A pequenina vai \u00e0 sala de Cintia e pede para que ela a ajude em sua carreira de modelo. Cintia pede paci\u00eancia para \u00f3rf\u00e3 e Vivi se irrita. Maria Cec\u00edlia revela a Tobias que desde que come\u00e7ou a namorar com ele, sua vida se transformou. O barista confessa a mo\u00e7a que se ela quiser, ele desiste do personagem. Maria Cec\u00edlia destrata o rapaz e pede para que ele v\u00e1 embora. No orfanato, Binho, Rafa e Ana percebem que Vivi est\u00e1 triste. A pequenina fala aos amigos que gostaria de fazer um book para dar in\u00edcio a sua carreira, mas Cintia n\u00e3o quer ajud\u00e1-la. Binho d\u00e1 ideia deles fazerem um book para a amiga.<\/p>\n<p>(*) edi\u00e7\u00e3o das novelas do SBT, \u201cChiquititas\u201d, sujeito a altera\u00e7\u00e3o de data e conte\u00fado.<\/p>\n","protected":false},"excerpt":{"rendered":"<p>Resumo da novela \u201cChiquititas\u201d em 29\/10: no cap\u00edtulo 085(*) da novela, Let\u00edcia aproveita o passeio de bicicleta com Dani e Carol, as tr\u00eas se divertem no parque. No Caf\u00e9 Boutique, Beto comenta com Tobias e Clarita o sucesso do show que Tom\u00e1s Ferraz abriu. No mesmo momento, Eduarda entra na loja e Clarita pede ao [&hellip;]<\/p>\n","protected":false},"author":4,"featured_media":195894,"comment_status":"closed","ping_status":"closed","sticky":false,"template":"","format":"standard","meta":{"tdm_status":"","tdm_grid_status":"","footnotes":""},"categories":[409,379,2025,372,343],"tags":[441],"class_list":{"0":"post-199727","1":"post","2":"type-post","3":"status-publish","4":"format-standard","5":"has-post-thumbnail","7":"category-chiquititas","8":"category-novelas","9":"category-resumo","10":"category-sbt","11":"category-televisao","12":"tag-resumo-do-dia"},"_links":{"self":[{"href":"https:\/\/migracao.redenoticia.com.br\/noticia\/wp-json\/wp\/v2\/posts\/199727","targetHints":{"allow":["GET"]}}],"collection":[{"href":"https:\/\/migracao.redenoticia.com.br\/noticia\/wp-json\/wp\/v2\/posts"}],"about":[{"href":"https:\/\/migracao.redenoticia.com.br\/noticia\/wp-json\/wp\/v2\/types\/post"}],"author":[{"embeddable":true,"href":"https:\/\/migracao.redenoticia.com.br\/noticia\/wp-json\/wp\/v2\/users\/4"}],"replies":[{"embeddable":true,"href":"https:\/\/migracao.redenoticia.com.br\/noticia\/wp-json\/wp\/v2\/comments?post=199727"}],"version-history":[{"count":0,"href":"https:\/\/migracao.redenoticia.com.br\/noticia\/wp-json\/wp\/v2\/posts\/199727\/revisions"}],"wp:featuredmedia":[{"embeddable":true,"href":"https:\/\/migracao.redenoticia.com.br\/noticia\/wp-json\/wp\/v2\/media\/195894"}],"wp:attachment":[{"href":"https:\/\/migracao.redenoticia.com.br\/noticia\/wp-json\/wp\/v2\/media?parent=199727"}],"wp:term":[{"taxonomy":"category","embeddable":true,"href":"https:\/\/migracao.redenoticia.com.br\/noticia\/wp-json\/wp\/v2\/categories?post=199727"},{"taxonomy":"post_tag","embeddable":true,"href":"https:\/\/migracao.redenoticia.com.br\/noticia\/wp-json\/wp\/v2\/tags?post=199727"}],"curies":[{"name":"wp","href":"https:\/\/api.w.org\/{rel}","templated":true}]}}