{"id":199739,"date":"2020-10-28T12:34:08","date_gmt":"2020-10-28T15:34:08","guid":{"rendered":"https:\/\/www.redenoticia.com.br\/noticia\/?p=199739"},"modified":"2020-10-28T12:34:08","modified_gmt":"2020-10-28T15:34:08","slug":"resumo-a-forca-do-querer-29-10-jeiza-faz-o-parto-de-ritinha","status":"publish","type":"post","link":"https:\/\/migracao.redenoticia.com.br\/noticia\/2020\/resumo-a-forca-do-querer-29-10-jeiza-faz-o-parto-de-ritinha\/199739","title":{"rendered":"Resumo &#8220;A For\u00e7a do Querer&#8221; 29\/10: Jeiza faz o parto de Ritinha"},"content":{"rendered":"<p><img loading=\"lazy\" decoding=\"async\" src=\"https:\/\/migracao.redenoticia.com.br\/noticia\/imagens\/a-forca-do-querer-resumo-sinopse.jpg\" alt=\"\" width=\"1280\" height=\"720\" class=\"aligncenter size-full wp-image-195899\" srcset=\"https:\/\/migracao.redenoticia.com.br\/noticia\/imagens\/a-forca-do-querer-resumo-sinopse.jpg 1280w, https:\/\/migracao.redenoticia.com.br\/noticia\/imagens\/a-forca-do-querer-resumo-sinopse-250x140.jpg 250w, https:\/\/migracao.redenoticia.com.br\/noticia\/imagens\/a-forca-do-querer-resumo-sinopse-400x225.jpg 400w, https:\/\/migracao.redenoticia.com.br\/noticia\/imagens\/a-forca-do-querer-resumo-sinopse-768x432.jpg 768w, https:\/\/migracao.redenoticia.com.br\/noticia\/imagens\/a-forca-do-querer-resumo-sinopse-150x85.jpg 150w, https:\/\/migracao.redenoticia.com.br\/noticia\/imagens\/a-forca-do-querer-resumo-sinopse-696x392.jpg 696w, https:\/\/migracao.redenoticia.com.br\/noticia\/imagens\/a-forca-do-querer-resumo-sinopse-1068x601.jpg 1068w\" sizes=\"auto, (max-width: 1280px) 100vw, 1280px\" \/><\/p>\n<p><em><strong>Resumo da novela \u201cA For\u00e7a do Querer\u201d<\/strong><\/em> em 29\/10: no cap\u00edtulo 034(*) da novela, Ruy assina a intima\u00e7\u00e3o sem ler e sai para encontrar Ritinha. Joyce e Ruy se preocupam com Ritinha. Uma bala atinge o t\u00e1xi onde Ritinha est\u00e1. Zeca e Ruy tentam se proteger no meio do tiroteio. O fio de prote\u00e7\u00e3o de Zeca e de Ruy caem do local onde est\u00e3o e os dois se assustam. Jeiza faz o parto de Ritinha e a leva para a casa de Edinalva. Eug\u00eanio vai com Joyce e Ivana conhecer a crian\u00e7a. Ruy se emociona ao ver o nen\u00e9m. Jeiza conta a Zeca que fez o parto de Ritinha e que foi chamada para ser madrinha da crian\u00e7a. Marilda comenta com Ritinha que Ruyzinho possui a mesma marca de Zeca. Eurico encontra dinheiro na bolsa de Silvana. Ruy presta depoimento na delegacia. Abel teme que Zeca se reaproxime de Ritinha. Cibele provoca Ruy.<\/p>\n<p>Cibele se diverte com a tens\u00e3o de Ruy. Biga descobre que Tatu ajudou a filha de Dantas e se irrita. Ruy conta para Caio o que Cibele fez e ele se preocupa. Shirley teme que a enteada sofra alguma consequ\u00eancia por ter mentido na delegacia. Ruy come\u00e7a seu novo depoimento. Eurico descobre a intima\u00e7\u00e3o em nome de Biga e exige que ela se explique. Caio avisa a Ruy que conversar\u00e1 com Biga. Zeca d\u00e1 um ultimato em Jeiza sobre a decis\u00e3o de ser madrinha do beb\u00ea de Ritinha. Ruy n\u00e3o aceita que Jeiza seja a madrinha de Ruyzinho. Jeiza confidencia a Alan que ficou feliz com o convite de Ritinha. Cl\u00e1udio tenta se reaproximar de Ivana. Heleninha questiona Bibi sobre seu afastamento de Caio. Rubinho compra um carro novo. Yuri mostra para Heleninha uma foto de Rubinho com seu c\u00famplice. Silvana arma para ficar uma noite inteira jogando e Dita se preocupa. Jeiza reconhece a voz de Rubinho na grava\u00e7\u00e3o de uma liga\u00e7\u00e3o suspeita.<\/p>\n<p>(*) edi\u00e7\u00e3o das novelas da Globo, \u201cA For\u00e7a do Querer\u201d, sujeito a altera\u00e7\u00e3o de data e conte\u00fado.<\/p>\n<p>Sinopse \u201cA For\u00e7a do Querer\u201d: esta \u00e9 a hist\u00f3ria de Rita (Isis Valverde), uma jovem apaixonada por si mesmo e que adora sentir o fasc\u00ednio que exerce sobre os homens &#8211; assim como as sereias. Zeca (Marco Pigossi) \u00e9 caminhoneiro rude, passional e com um cora\u00e7\u00e3o enorme. Trabalhador, nunca se deixou levar pelos coment\u00e1rios maldosos sobre a personalidade de Rita. Apaixonado pela gata, fica arrasado ao saber de seu envolvimento com Ruy. Orgulhoso, se muda para o Rio de Janeiro para recome\u00e7ar a vida e se aproxima de Jeiza. Ruy (Fiuk) \u00e9 o filho de Eug\u00eanio e Joyce. Est\u00e1 sendo treinado para substituir o pai na empresa da fam\u00edlia. Noivo de Cibele, se encanta por Rita durante uma viagem ao Par\u00e1.<\/p>\n","protected":false},"excerpt":{"rendered":"<p>Resumo da novela \u201cA For\u00e7a do Querer\u201d em 29\/10: no cap\u00edtulo 034(*) da novela, Ruy assina a intima\u00e7\u00e3o sem ler e sai para encontrar Ritinha. Joyce e Ruy se preocupam com Ritinha. Uma bala atinge o t\u00e1xi onde Ritinha est\u00e1. Zeca e Ruy tentam se proteger no meio do tiroteio. O fio de prote\u00e7\u00e3o de [&hellip;]<\/p>\n","protected":false},"author":4,"featured_media":195901,"comment_status":"closed","ping_status":"closed","sticky":false,"template":"","format":"standard","meta":{"tdm_status":"","tdm_grid_status":"","footnotes":""},"categories":[2027,379,375,2025,343],"tags":[441],"class_list":{"0":"post-199739","1":"post","2":"type-post","3":"status-publish","4":"format-standard","5":"has-post-thumbnail","7":"category-a-forca-do-querer","8":"category-novelas","9":"category-rede-globo","10":"category-resumo","11":"category-televisao","12":"tag-resumo-do-dia"},"_links":{"self":[{"href":"https:\/\/migracao.redenoticia.com.br\/noticia\/wp-json\/wp\/v2\/posts\/199739","targetHints":{"allow":["GET"]}}],"collection":[{"href":"https:\/\/migracao.redenoticia.com.br\/noticia\/wp-json\/wp\/v2\/posts"}],"about":[{"href":"https:\/\/migracao.redenoticia.com.br\/noticia\/wp-json\/wp\/v2\/types\/post"}],"author":[{"embeddable":true,"href":"https:\/\/migracao.redenoticia.com.br\/noticia\/wp-json\/wp\/v2\/users\/4"}],"replies":[{"embeddable":true,"href":"https:\/\/migracao.redenoticia.com.br\/noticia\/wp-json\/wp\/v2\/comments?post=199739"}],"version-history":[{"count":0,"href":"https:\/\/migracao.redenoticia.com.br\/noticia\/wp-json\/wp\/v2\/posts\/199739\/revisions"}],"wp:featuredmedia":[{"embeddable":true,"href":"https:\/\/migracao.redenoticia.com.br\/noticia\/wp-json\/wp\/v2\/media\/195901"}],"wp:attachment":[{"href":"https:\/\/migracao.redenoticia.com.br\/noticia\/wp-json\/wp\/v2\/media?parent=199739"}],"wp:term":[{"taxonomy":"category","embeddable":true,"href":"https:\/\/migracao.redenoticia.com.br\/noticia\/wp-json\/wp\/v2\/categories?post=199739"},{"taxonomy":"post_tag","embeddable":true,"href":"https:\/\/migracao.redenoticia.com.br\/noticia\/wp-json\/wp\/v2\/tags?post=199739"}],"curies":[{"name":"wp","href":"https:\/\/api.w.org\/{rel}","templated":true}]}}