{"id":199896,"date":"2020-11-02T23:19:58","date_gmt":"2020-11-03T02:19:58","guid":{"rendered":"https:\/\/www.redenoticia.com.br\/noticia\/?p=199896"},"modified":"2020-11-02T23:19:58","modified_gmt":"2020-11-03T02:19:58","slug":"resumo-lacos-de-familia-03-11-camila-encontra-se-com-roberto","status":"publish","type":"post","link":"https:\/\/migracao.redenoticia.com.br\/noticia\/2020\/resumo-lacos-de-familia-03-11-camila-encontra-se-com-roberto\/199896","title":{"rendered":"Resumo \u201cLa\u00e7os de Fam\u00edlia\u201d 03\/11: Camila encontra-se com Roberto"},"content":{"rendered":"<p> <img loading=\"lazy\" decoding=\"async\" class=\"aligncenter size-full wp-image-197365\" src=\"https:\/\/migracao.redenoticia.com.br\/noticia\/imagens\/lacos-de-familia-resumo-sinopse-elenco-helena-camila-edu.jpg\" alt=\"\" width=\"1280\" height=\"720\" srcset=\"https:\/\/migracao.redenoticia.com.br\/noticia\/imagens\/lacos-de-familia-resumo-sinopse-elenco-helena-camila-edu.jpg 1280w, https:\/\/migracao.redenoticia.com.br\/noticia\/imagens\/lacos-de-familia-resumo-sinopse-elenco-helena-camila-edu-250x140.jpg 250w, https:\/\/migracao.redenoticia.com.br\/noticia\/imagens\/lacos-de-familia-resumo-sinopse-elenco-helena-camila-edu-400x225.jpg 400w, https:\/\/migracao.redenoticia.com.br\/noticia\/imagens\/lacos-de-familia-resumo-sinopse-elenco-helena-camila-edu-768x432.jpg 768w, https:\/\/migracao.redenoticia.com.br\/noticia\/imagens\/lacos-de-familia-resumo-sinopse-elenco-helena-camila-edu-150x85.jpg 150w\" sizes=\"auto, (max-width: 1280px) 100vw, 1280px\" \/><\/p>\n<p><em><strong>Resumo da novela \u201cLa\u00e7os de Fam\u00edlia\u201d<\/strong><\/em> em 03\/11: no cap\u00edtulo 042(*) da novela, Camila vai \u00e0 cl\u00ednica contar da recupera\u00e7\u00e3o de Edu, mas n\u00e3o diz que ele tentou falar com Helena. M\u00e3e e filha discutem novamente. Pedro vai \u00e0 floricultura e briga com S\u00edlvia, porque n\u00e3o conseguiu entrar em casa. Edu e Helena conversam por telefone. Estela pergunta a Edu, mas ele nega estar apaixonado por Camila. S\u00edlvia manda entregar os pertences de Pedro e depois vai \u00e0 casa de Alma. S\u00edlvia e Alma tomam caf\u00e9 juntas. Laerte chega ao trabalho de short e t\u00eanis, depois de correr no cal\u00e7ad\u00e3o e Antonia lhe prepara o caf\u00e9. <\/p>\n<p>Vingativa, S\u00edlvia previne Alma sobre um caso entre Pedro e \u00cdris, que \u00e9 menor de idade. Capitu leva o pai ao oculista. Fred desabafa com a m\u00e3e o problema de Clara. Camila encontra-se com Roberto na faculdade. Capitu ganha duas semanas de folga de Fernando, mas depois deve pegar firme no \u2018trabalho\u2019. Durante visita a Edu, Ci\u00e7a conta para Alma que o pai \u00e9 apaixonado por Helena. Depois de ouvir um recado de Edu para Helena na secret\u00e1ria eletr\u00f4nica, Camila telefona para Roberto. Capitu promete fog\u00e3o e m\u00e1quina de lavar novos para a m\u00e3e. \u00cdris arruma a cama no quarto de Pedro e \u00e9 surpreendida por Alma.<\/p>\n<p>(*) edi\u00e7\u00e3o das novelas da Globo, \u201cLa\u00e7os de Fam\u00edlia\u201d, sujeito a altera\u00e7\u00e3o de data e conte\u00fado.<\/p>\n<p>Sinopse &#8220;La\u00e7os de Fam\u00edlia&#8221;: Helena (Vera Fischer) est\u00e1 a caminho da praia quando seu carro se choca com o do jovem m\u00e9dico Edu (Reynaldo Gianecchini). De in\u00edcio os dois se estranham, mas depois acabam se envolvendo. O acidente acontece em frente \u00e0 livraria Dom Casmurro, de propriedade de Miguel (Tony Ramos), que se encanta imediatamente por ela. Helena \u00e9 m\u00e3e de Camila (Carolina Dieckmann). Com o tempo, Camila descobre que est\u00e1 apaixonada por Edu e que \u00e9 correspondida.<\/p>\n","protected":false},"excerpt":{"rendered":"<p>Resumo da novela \u201cLa\u00e7os de Fam\u00edlia\u201d em 03\/11: no cap\u00edtulo 042(*) da novela, Camila vai \u00e0 cl\u00ednica contar da recupera\u00e7\u00e3o de Edu, mas n\u00e3o diz que ele tentou falar com Helena. M\u00e3e e filha discutem novamente. Pedro vai \u00e0 floricultura e briga com S\u00edlvia, porque n\u00e3o conseguiu entrar em casa. Edu e Helena conversam por [&hellip;]<\/p>\n","protected":false},"author":2,"featured_media":197366,"comment_status":"closed","ping_status":"closed","sticky":false,"template":"","format":"standard","meta":{"tdm_status":"","tdm_grid_status":"","footnotes":""},"categories":[2061,379,375,2025,343],"tags":[441],"class_list":{"0":"post-199896","1":"post","2":"type-post","3":"status-publish","4":"format-standard","5":"has-post-thumbnail","7":"category-lacos-de-familia","8":"category-novelas","9":"category-rede-globo","10":"category-resumo","11":"category-televisao","12":"tag-resumo-do-dia"},"_links":{"self":[{"href":"https:\/\/migracao.redenoticia.com.br\/noticia\/wp-json\/wp\/v2\/posts\/199896","targetHints":{"allow":["GET"]}}],"collection":[{"href":"https:\/\/migracao.redenoticia.com.br\/noticia\/wp-json\/wp\/v2\/posts"}],"about":[{"href":"https:\/\/migracao.redenoticia.com.br\/noticia\/wp-json\/wp\/v2\/types\/post"}],"author":[{"embeddable":true,"href":"https:\/\/migracao.redenoticia.com.br\/noticia\/wp-json\/wp\/v2\/users\/2"}],"replies":[{"embeddable":true,"href":"https:\/\/migracao.redenoticia.com.br\/noticia\/wp-json\/wp\/v2\/comments?post=199896"}],"version-history":[{"count":0,"href":"https:\/\/migracao.redenoticia.com.br\/noticia\/wp-json\/wp\/v2\/posts\/199896\/revisions"}],"wp:featuredmedia":[{"embeddable":true,"href":"https:\/\/migracao.redenoticia.com.br\/noticia\/wp-json\/wp\/v2\/media\/197366"}],"wp:attachment":[{"href":"https:\/\/migracao.redenoticia.com.br\/noticia\/wp-json\/wp\/v2\/media?parent=199896"}],"wp:term":[{"taxonomy":"category","embeddable":true,"href":"https:\/\/migracao.redenoticia.com.br\/noticia\/wp-json\/wp\/v2\/categories?post=199896"},{"taxonomy":"post_tag","embeddable":true,"href":"https:\/\/migracao.redenoticia.com.br\/noticia\/wp-json\/wp\/v2\/tags?post=199896"}],"curies":[{"name":"wp","href":"https:\/\/api.w.org\/{rel}","templated":true}]}}