{"id":199897,"date":"2020-11-02T23:20:03","date_gmt":"2020-11-03T02:20:03","guid":{"rendered":"https:\/\/www.redenoticia.com.br\/noticia\/?p=199897"},"modified":"2020-11-02T23:20:03","modified_gmt":"2020-11-03T02:20:03","slug":"resumo-cumplices-de-um-resgate-03-11-alicia-discute-com-vicente","status":"publish","type":"post","link":"https:\/\/migracao.redenoticia.com.br\/noticia\/2020\/resumo-cumplices-de-um-resgate-03-11-alicia-discute-com-vicente\/199897","title":{"rendered":"Resumo \u201cC\u00famplices de um Resgate\u201d 03\/11: Alicia discute com Vicente"},"content":{"rendered":"<p> <img loading=\"lazy\" decoding=\"async\" class=\"aligncenter size-full wp-image-195896\" src=\"https:\/\/migracao.redenoticia.com.br\/noticia\/imagens\/cumplices-de-um-resgate-resumo-sinopse-elenco.jpg\" alt=\"\" width=\"1280\" height=\"720\" srcset=\"https:\/\/migracao.redenoticia.com.br\/noticia\/imagens\/cumplices-de-um-resgate-resumo-sinopse-elenco.jpg 1280w, https:\/\/migracao.redenoticia.com.br\/noticia\/imagens\/cumplices-de-um-resgate-resumo-sinopse-elenco-250x140.jpg 250w, https:\/\/migracao.redenoticia.com.br\/noticia\/imagens\/cumplices-de-um-resgate-resumo-sinopse-elenco-400x225.jpg 400w, https:\/\/migracao.redenoticia.com.br\/noticia\/imagens\/cumplices-de-um-resgate-resumo-sinopse-elenco-768x432.jpg 768w, https:\/\/migracao.redenoticia.com.br\/noticia\/imagens\/cumplices-de-um-resgate-resumo-sinopse-elenco-150x85.jpg 150w, https:\/\/migracao.redenoticia.com.br\/noticia\/imagens\/cumplices-de-um-resgate-resumo-sinopse-elenco-696x392.jpg 696w, https:\/\/migracao.redenoticia.com.br\/noticia\/imagens\/cumplices-de-um-resgate-resumo-sinopse-elenco-1068x601.jpg 1068w\" sizes=\"auto, (max-width: 1280px) 100vw, 1280px\" \/><\/p>\n<p><strong><em>Resumo da novela \u201cC\u00famplices de um Resgate\u201d em 03\/11<\/em><\/strong>: no cap\u00edtulo 475(*) da novela, Manuela conta para Joaquim que Isabela forjou o v\u00eddeo delas cantando juntas. Paola diz para Ot\u00e1vio que est\u00e1 focada na carreira e por isso n\u00e3o est\u00e1 em nenhum relacionamento. Joaquim diz aos Vaz que o perfil \u201chater\u201d j\u00e1 descobriu sobre a falsidade do v\u00eddeo de Manuela e Isabela e se preocupam. Alicia discute com Vicente por ele n\u00e3o ter feito nada quando soube que Andr\u00e9 estava fingindo ser Andr\u00eas. Arthur avisa Safira e Priscila que Geraldo est\u00e1 foragido. <\/p>\n<p>T\u00e9o decide que quer fazer as coisas sozinho e que n\u00e3o quer mais usar suas muletas. Meire diz que Alicia e Vicente n\u00e3o podem mais discutir na frente dos filhos. Os Vaz acreditam que Meire pode estar por tr\u00e1s do perfil falso que tenta destruir a C1R. Ao investigar, eles passam a achar que foi a banda Insanos. Lurdinha leva Frederico at\u00e9 a igreja evang\u00e9lica do Vilarejo dos Sonhos. Sabrina entra escondida na casa de Manuela e \u00e9 flagrada por Isabela.<\/p>\n<p>(*) edi\u00e7\u00e3o das novelas do SBT, \u201cC\u00famplices de um Resgate\u201d, sujeito a altera\u00e7\u00e3o de data e conte\u00fado.<\/p>\n<p>Sinopse \u201cC\u00famplices de um Resgate\u201d: Duas irm\u00e3s g\u00eameas univitelinas que foram separadas ap\u00f3s nascimento, se reencontram somente ap\u00f3s doze anos. Manuela, uma das g\u00eameas, \u00e9 doce, meiga, gentil, e muito talentosa para a m\u00fasica e tem uma voz encantadora. Vive uma vida feliz no Vilarejo dos Sonhos, onde mora com sua av\u00f3 Nina, sua tia Helena e sua m\u00e3e Rebeca, que d\u00e1 muito amor e carinho a filha por ela nunca ter tido um pai, e ela \u00e9 a m\u00e3e biol\u00f3gica das duas garotas, mas nunca soube que teve g\u00eameas.<\/p>\n","protected":false},"excerpt":{"rendered":"<p>Resumo da novela \u201cC\u00famplices de um Resgate\u201d em 03\/11: no cap\u00edtulo 475(*) da novela, Manuela conta para Joaquim que Isabela forjou o v\u00eddeo delas cantando juntas. Paola diz para Ot\u00e1vio que est\u00e1 focada na carreira e por isso n\u00e3o est\u00e1 em nenhum relacionamento. Joaquim diz aos Vaz que o perfil \u201chater\u201d j\u00e1 descobriu sobre a [&hellip;]<\/p>\n","protected":false},"author":2,"featured_media":195895,"comment_status":"closed","ping_status":"closed","sticky":false,"template":"","format":"standard","meta":{"tdm_status":"","tdm_grid_status":"","footnotes":""},"categories":[379,2025,372,343],"tags":[441],"class_list":{"0":"post-199897","1":"post","2":"type-post","3":"status-publish","4":"format-standard","5":"has-post-thumbnail","7":"category-novelas","8":"category-resumo","9":"category-sbt","10":"category-televisao","11":"tag-resumo-do-dia"},"_links":{"self":[{"href":"https:\/\/migracao.redenoticia.com.br\/noticia\/wp-json\/wp\/v2\/posts\/199897","targetHints":{"allow":["GET"]}}],"collection":[{"href":"https:\/\/migracao.redenoticia.com.br\/noticia\/wp-json\/wp\/v2\/posts"}],"about":[{"href":"https:\/\/migracao.redenoticia.com.br\/noticia\/wp-json\/wp\/v2\/types\/post"}],"author":[{"embeddable":true,"href":"https:\/\/migracao.redenoticia.com.br\/noticia\/wp-json\/wp\/v2\/users\/2"}],"replies":[{"embeddable":true,"href":"https:\/\/migracao.redenoticia.com.br\/noticia\/wp-json\/wp\/v2\/comments?post=199897"}],"version-history":[{"count":0,"href":"https:\/\/migracao.redenoticia.com.br\/noticia\/wp-json\/wp\/v2\/posts\/199897\/revisions"}],"wp:featuredmedia":[{"embeddable":true,"href":"https:\/\/migracao.redenoticia.com.br\/noticia\/wp-json\/wp\/v2\/media\/195895"}],"wp:attachment":[{"href":"https:\/\/migracao.redenoticia.com.br\/noticia\/wp-json\/wp\/v2\/media?parent=199897"}],"wp:term":[{"taxonomy":"category","embeddable":true,"href":"https:\/\/migracao.redenoticia.com.br\/noticia\/wp-json\/wp\/v2\/categories?post=199897"},{"taxonomy":"post_tag","embeddable":true,"href":"https:\/\/migracao.redenoticia.com.br\/noticia\/wp-json\/wp\/v2\/tags?post=199897"}],"curies":[{"name":"wp","href":"https:\/\/api.w.org\/{rel}","templated":true}]}}