{"id":199926,"date":"2020-11-03T10:45:33","date_gmt":"2020-11-03T13:45:33","guid":{"rendered":"https:\/\/www.redenoticia.com.br\/noticia\/?p=199926"},"modified":"2020-11-03T10:45:33","modified_gmt":"2020-11-03T13:45:33","slug":"resumo-cumplices-de-um-resgate-04-11-manuela-e-isabela-fazem-as-pazes","status":"publish","type":"post","link":"https:\/\/migracao.redenoticia.com.br\/noticia\/2020\/resumo-cumplices-de-um-resgate-04-11-manuela-e-isabela-fazem-as-pazes\/199926","title":{"rendered":"Resumo \u201cC\u00famplices de um Resgate\u201d 04\/11: Manuela e Isabela fazem as pazes"},"content":{"rendered":"<p><img loading=\"lazy\" decoding=\"async\" class=\"aligncenter size-full wp-image-195896\" src=\"https:\/\/migracao.redenoticia.com.br\/noticia\/imagens\/cumplices-de-um-resgate-resumo-sinopse-elenco.jpg\" alt=\"\" width=\"1280\" height=\"720\" srcset=\"https:\/\/migracao.redenoticia.com.br\/noticia\/imagens\/cumplices-de-um-resgate-resumo-sinopse-elenco.jpg 1280w, https:\/\/migracao.redenoticia.com.br\/noticia\/imagens\/cumplices-de-um-resgate-resumo-sinopse-elenco-250x140.jpg 250w, https:\/\/migracao.redenoticia.com.br\/noticia\/imagens\/cumplices-de-um-resgate-resumo-sinopse-elenco-400x225.jpg 400w, https:\/\/migracao.redenoticia.com.br\/noticia\/imagens\/cumplices-de-um-resgate-resumo-sinopse-elenco-768x432.jpg 768w, https:\/\/migracao.redenoticia.com.br\/noticia\/imagens\/cumplices-de-um-resgate-resumo-sinopse-elenco-150x85.jpg 150w, https:\/\/migracao.redenoticia.com.br\/noticia\/imagens\/cumplices-de-um-resgate-resumo-sinopse-elenco-696x392.jpg 696w, https:\/\/migracao.redenoticia.com.br\/noticia\/imagens\/cumplices-de-um-resgate-resumo-sinopse-elenco-1068x601.jpg 1068w\" sizes=\"auto, (max-width: 1280px) 100vw, 1280px\" \/><\/p>\n<p><strong><em>Resumo da novela \u201cC\u00famplices de um Resgate\u201d em 04\/11<\/em><\/strong>: no cap\u00edtulo 476(*) da novela, Vicente diz aos irm\u00e3os Vaz que a produ\u00e7\u00e3o do programa de concurso de banda ficou sabendo que o v\u00eddeo das g\u00eameas \u00e9 falso. Os capangas de Geraldo se escondem no por\u00e3o da mans\u00e3o de Regina. Isabela vai at\u00e9 a casa de T\u00e9o e ajuda ele a organizar suas roupas para que ele consiga se vestir sozinho, combinando as cores. Ot\u00e1vio diz para Rebeca que podem procurar um advogado para acertar sua separa\u00e7\u00e3o em rela\u00e7\u00e3o a Maur\u00edcio. Rebeca n\u00e3o gosta muito dele ter convidado Paola para ser sua madrinha. Manteiguinha fica triste que T\u00e9o n\u00e3o quer mais a ajuda dele. Isabela fica revoltada ao saber que Nina e Manuela oferecem a casa para servir de espa\u00e7o de ora\u00e7\u00e3o para Maur\u00edcio. O pastor Augusto volta ao vilarejo e vai atr\u00e1s de Fl\u00e1via. Augusto fica sabendo que a igreja j\u00e1 tem um novo pastor. Joaquim vai at\u00e9 o vilarejo para dizer que Isabela precisa consertar as coisas ao fazer um v\u00eddeo com Manuela pelo bem da banda. Mateus e D\u00f3ris auxiliam a professora com a &#8220;Campanha do Bem&#8221;. Manuela e Isabela gravam uma m\u00fasica na pra\u00e7a do vilarejo. As duas fazem as pazes e os amigos comemoram. Isabela se assusta com uma iguana que apareceu em sua casa e logo percebe que foi Sabrina quem deixou o animal l\u00e1. Pedro quase atropela T\u00e9o por acidente, que andava sem bengala.<\/p>\n<p>(*) edi\u00e7\u00e3o das novelas do SBT, \u201cC\u00famplices de um Resgate\u201d, sujeito a altera\u00e7\u00e3o de data e conte\u00fado.<\/p>\n<p>Sinopse \u201cC\u00famplices de um Resgate\u201d: Duas irm\u00e3s g\u00eameas univitelinas que foram separadas ap\u00f3s nascimento, se reencontram somente ap\u00f3s doze anos. Manuela, uma das g\u00eameas, \u00e9 doce, meiga, gentil, e muito talentosa para a m\u00fasica e tem uma voz encantadora. Vive uma vida feliz no Vilarejo dos Sonhos, onde mora com sua av\u00f3 Nina, sua tia Helena e sua m\u00e3e Rebeca, que d\u00e1 muito amor e carinho a filha por ela nunca ter tido um pai, e ela \u00e9 a m\u00e3e biol\u00f3gica das duas garotas, mas nunca soube que teve g\u00eameas.<\/p>\n","protected":false},"excerpt":{"rendered":"<p>Resumo da novela \u201cC\u00famplices de um Resgate\u201d em 04\/11: no cap\u00edtulo 476(*) da novela, Vicente diz aos irm\u00e3os Vaz que a produ\u00e7\u00e3o do programa de concurso de banda ficou sabendo que o v\u00eddeo das g\u00eameas \u00e9 falso. Os capangas de Geraldo se escondem no por\u00e3o da mans\u00e3o de Regina. Isabela vai at\u00e9 a casa de [&hellip;]<\/p>\n","protected":false},"author":4,"featured_media":195895,"comment_status":"closed","ping_status":"closed","sticky":false,"template":"","format":"standard","meta":{"tdm_status":"","tdm_grid_status":"","footnotes":""},"categories":[379,2025,372,343],"tags":[441],"class_list":{"0":"post-199926","1":"post","2":"type-post","3":"status-publish","4":"format-standard","5":"has-post-thumbnail","7":"category-novelas","8":"category-resumo","9":"category-sbt","10":"category-televisao","11":"tag-resumo-do-dia"},"_links":{"self":[{"href":"https:\/\/migracao.redenoticia.com.br\/noticia\/wp-json\/wp\/v2\/posts\/199926","targetHints":{"allow":["GET"]}}],"collection":[{"href":"https:\/\/migracao.redenoticia.com.br\/noticia\/wp-json\/wp\/v2\/posts"}],"about":[{"href":"https:\/\/migracao.redenoticia.com.br\/noticia\/wp-json\/wp\/v2\/types\/post"}],"author":[{"embeddable":true,"href":"https:\/\/migracao.redenoticia.com.br\/noticia\/wp-json\/wp\/v2\/users\/4"}],"replies":[{"embeddable":true,"href":"https:\/\/migracao.redenoticia.com.br\/noticia\/wp-json\/wp\/v2\/comments?post=199926"}],"version-history":[{"count":0,"href":"https:\/\/migracao.redenoticia.com.br\/noticia\/wp-json\/wp\/v2\/posts\/199926\/revisions"}],"wp:featuredmedia":[{"embeddable":true,"href":"https:\/\/migracao.redenoticia.com.br\/noticia\/wp-json\/wp\/v2\/media\/195895"}],"wp:attachment":[{"href":"https:\/\/migracao.redenoticia.com.br\/noticia\/wp-json\/wp\/v2\/media?parent=199926"}],"wp:term":[{"taxonomy":"category","embeddable":true,"href":"https:\/\/migracao.redenoticia.com.br\/noticia\/wp-json\/wp\/v2\/categories?post=199926"},{"taxonomy":"post_tag","embeddable":true,"href":"https:\/\/migracao.redenoticia.com.br\/noticia\/wp-json\/wp\/v2\/tags?post=199926"}],"curies":[{"name":"wp","href":"https:\/\/api.w.org\/{rel}","templated":true}]}}