{"id":199936,"date":"2020-11-03T10:51:23","date_gmt":"2020-11-03T13:51:23","guid":{"rendered":"https:\/\/www.redenoticia.com.br\/noticia\/?p=199936"},"modified":"2020-11-03T10:51:23","modified_gmt":"2020-11-03T13:51:23","slug":"resumo-a-forca-do-querer-04-11-rubinho-ve-jeiza-na-gafieira","status":"publish","type":"post","link":"https:\/\/migracao.redenoticia.com.br\/noticia\/2020\/resumo-a-forca-do-querer-04-11-rubinho-ve-jeiza-na-gafieira\/199936","title":{"rendered":"Resumo &#8220;A For\u00e7a do Querer&#8221; 04\/11: Rubinho v\u00ea Jeiza na gafieira"},"content":{"rendered":"<p><img loading=\"lazy\" decoding=\"async\" src=\"https:\/\/migracao.redenoticia.com.br\/noticia\/imagens\/a-forca-do-querer-resumo-sinopse.jpg\" alt=\"\" width=\"1280\" height=\"720\" class=\"aligncenter size-full wp-image-195899\" srcset=\"https:\/\/migracao.redenoticia.com.br\/noticia\/imagens\/a-forca-do-querer-resumo-sinopse.jpg 1280w, https:\/\/migracao.redenoticia.com.br\/noticia\/imagens\/a-forca-do-querer-resumo-sinopse-250x140.jpg 250w, https:\/\/migracao.redenoticia.com.br\/noticia\/imagens\/a-forca-do-querer-resumo-sinopse-400x225.jpg 400w, https:\/\/migracao.redenoticia.com.br\/noticia\/imagens\/a-forca-do-querer-resumo-sinopse-768x432.jpg 768w, https:\/\/migracao.redenoticia.com.br\/noticia\/imagens\/a-forca-do-querer-resumo-sinopse-150x85.jpg 150w, https:\/\/migracao.redenoticia.com.br\/noticia\/imagens\/a-forca-do-querer-resumo-sinopse-696x392.jpg 696w, https:\/\/migracao.redenoticia.com.br\/noticia\/imagens\/a-forca-do-querer-resumo-sinopse-1068x601.jpg 1068w\" sizes=\"auto, (max-width: 1280px) 100vw, 1280px\" \/><\/p>\n<p><em><strong>Resumo da novela \u201cA For\u00e7a do Querer\u201d<\/strong><\/em> em 04\/11: no cap\u00edtulo 039(*) da novela, Jeiza fala de suas impress\u00f5es sobre Rubinho. Heleninha se queixa do comportamento de Yuri. Bibi elogia Rubinho para Heleninha. C\u00e2ndida convence Jeiza a chamar Zeca para ir \u00e0 gafieira. Eug\u00eanio discute com Joyce e decide ligar para Irene. Ruy afirma a Ritinha que n\u00e3o quer que ela se modifique. Cl\u00e1udio decide convidar Ivana para viajar novamente. Eug\u00eanio tenta consolar Joyce. Silvana revela a Simone que n\u00e3o foi para S\u00e3o Paulo. Jeiza fala para Zeca que pode tentar encontrar o menino que caiu com ele no rio. Junqueira n\u00e3o gosta de ser comparado a Rubinho. Cibele confirma a Dantas que Ruy \u00e9 inocente. Rubinho se preocupa ao ver Jeiza entrar na gafieira.<\/p>\n<p>Rubinho foge de Jeiza e pede informa\u00e7\u00f5es sobre a policial para um comparsa. Bibi descobre que o marido foi embora de sua festa e se preocupa. Jeiza dan\u00e7a com Zeca e procura por Rubinho sem que o noivo perceba. Jeiza relata que viu Rubinho na Estudantina. Heleninha encontra, no caderno de Yuri, a foto de Rubinho colada junto a um cartaz de procurado. Ivana reclama de seu corpo para Simone. Biga se identifica com Nonato. Cibele n\u00e3o d\u00e1 aten\u00e7\u00e3o para os conselhos de Shirley sobre sua vingan\u00e7a contra Ruy. Mira conta para Irene que Silvana falou com Caio sobre Eug\u00eanio e a vil\u00e3 decide mandar uma foto da colega em situa\u00e7\u00e3o suspeita para Eurico. Ritinha critica Joyce. Zeca se recusa a ver o filho de Ritinha. Bibi estranha o comportamento de Yuri e comenta com Rubinho. Heleninha tenta conversar com o filho. Ruy e Cibele se enfrentam. Heleninha sugere que Leila esque\u00e7a o antigo namoro entre Caio e Bibi. Rubinho \u00e9 preso.<\/p>\n<p>(*) edi\u00e7\u00e3o das novelas da Globo, \u201cA For\u00e7a do Querer\u201d, sujeito a altera\u00e7\u00e3o de data e conte\u00fado.<\/p>\n<p>Sinopse \u201cA For\u00e7a do Querer\u201d: esta \u00e9 a hist\u00f3ria de Rita (Isis Valverde), uma jovem apaixonada por si mesmo e que adora sentir o fasc\u00ednio que exerce sobre os homens &#8211; assim como as sereias. Zeca (Marco Pigossi) \u00e9 caminhoneiro rude, passional e com um cora\u00e7\u00e3o enorme. Trabalhador, nunca se deixou levar pelos coment\u00e1rios maldosos sobre a personalidade de Rita. Apaixonado pela gata, fica arrasado ao saber de seu envolvimento com Ruy. Orgulhoso, se muda para o Rio de Janeiro para recome\u00e7ar a vida e se aproxima de Jeiza. Ruy (Fiuk) \u00e9 o filho de Eug\u00eanio e Joyce. Est\u00e1 sendo treinado para substituir o pai na empresa da fam\u00edlia. Noivo de Cibele, se encanta por Rita durante uma viagem ao Par\u00e1.<\/p>\n","protected":false},"excerpt":{"rendered":"<p>Resumo da novela \u201cA For\u00e7a do Querer\u201d em 04\/11: no cap\u00edtulo 039(*) da novela, Jeiza fala de suas impress\u00f5es sobre Rubinho. Heleninha se queixa do comportamento de Yuri. Bibi elogia Rubinho para Heleninha. C\u00e2ndida convence Jeiza a chamar Zeca para ir \u00e0 gafieira. Eug\u00eanio discute com Joyce e decide ligar para Irene. Ruy afirma a [&hellip;]<\/p>\n","protected":false},"author":4,"featured_media":195901,"comment_status":"closed","ping_status":"closed","sticky":false,"template":"","format":"standard","meta":{"tdm_status":"","tdm_grid_status":"","footnotes":""},"categories":[2027,379,375,2025,343],"tags":[441],"class_list":{"0":"post-199936","1":"post","2":"type-post","3":"status-publish","4":"format-standard","5":"has-post-thumbnail","7":"category-a-forca-do-querer","8":"category-novelas","9":"category-rede-globo","10":"category-resumo","11":"category-televisao","12":"tag-resumo-do-dia"},"_links":{"self":[{"href":"https:\/\/migracao.redenoticia.com.br\/noticia\/wp-json\/wp\/v2\/posts\/199936","targetHints":{"allow":["GET"]}}],"collection":[{"href":"https:\/\/migracao.redenoticia.com.br\/noticia\/wp-json\/wp\/v2\/posts"}],"about":[{"href":"https:\/\/migracao.redenoticia.com.br\/noticia\/wp-json\/wp\/v2\/types\/post"}],"author":[{"embeddable":true,"href":"https:\/\/migracao.redenoticia.com.br\/noticia\/wp-json\/wp\/v2\/users\/4"}],"replies":[{"embeddable":true,"href":"https:\/\/migracao.redenoticia.com.br\/noticia\/wp-json\/wp\/v2\/comments?post=199936"}],"version-history":[{"count":0,"href":"https:\/\/migracao.redenoticia.com.br\/noticia\/wp-json\/wp\/v2\/posts\/199936\/revisions"}],"wp:featuredmedia":[{"embeddable":true,"href":"https:\/\/migracao.redenoticia.com.br\/noticia\/wp-json\/wp\/v2\/media\/195901"}],"wp:attachment":[{"href":"https:\/\/migracao.redenoticia.com.br\/noticia\/wp-json\/wp\/v2\/media?parent=199936"}],"wp:term":[{"taxonomy":"category","embeddable":true,"href":"https:\/\/migracao.redenoticia.com.br\/noticia\/wp-json\/wp\/v2\/categories?post=199936"},{"taxonomy":"post_tag","embeddable":true,"href":"https:\/\/migracao.redenoticia.com.br\/noticia\/wp-json\/wp\/v2\/tags?post=199936"}],"curies":[{"name":"wp","href":"https:\/\/api.w.org\/{rel}","templated":true}]}}