{"id":200006,"date":"2020-11-05T12:04:57","date_gmt":"2020-11-05T15:04:57","guid":{"rendered":"https:\/\/www.redenoticia.com.br\/noticia\/?p=200006"},"modified":"2020-11-05T12:04:57","modified_gmt":"2020-11-05T15:04:57","slug":"resumo-chiquititas-06-11-vivi-afirma-a-marta-que-nao-vai-se-separar-de-tati","status":"publish","type":"post","link":"https:\/\/migracao.redenoticia.com.br\/noticia\/2020\/resumo-chiquititas-06-11-vivi-afirma-a-marta-que-nao-vai-se-separar-de-tati\/200006","title":{"rendered":"Resumo \u201cChiquititas\u201d 06\/11: Vivi afirma \u00e0 Marta que n\u00e3o vai se separar de Tati"},"content":{"rendered":"<p><img loading=\"lazy\" decoding=\"async\" class=\"aligncenter size-full wp-image-195897\" src=\"https:\/\/migracao.redenoticia.com.br\/noticia\/imagens\/chiquititas-resumo-sinopse.jpg\" alt=\"\" width=\"1280\" height=\"720\" srcset=\"https:\/\/migracao.redenoticia.com.br\/noticia\/imagens\/chiquititas-resumo-sinopse.jpg 1280w, https:\/\/migracao.redenoticia.com.br\/noticia\/imagens\/chiquititas-resumo-sinopse-250x140.jpg 250w, https:\/\/migracao.redenoticia.com.br\/noticia\/imagens\/chiquititas-resumo-sinopse-400x225.jpg 400w, https:\/\/migracao.redenoticia.com.br\/noticia\/imagens\/chiquititas-resumo-sinopse-768x432.jpg 768w, https:\/\/migracao.redenoticia.com.br\/noticia\/imagens\/chiquititas-resumo-sinopse-150x85.jpg 150w, https:\/\/migracao.redenoticia.com.br\/noticia\/imagens\/chiquititas-resumo-sinopse-696x392.jpg 696w, https:\/\/migracao.redenoticia.com.br\/noticia\/imagens\/chiquititas-resumo-sinopse-1068x601.jpg 1068w\" sizes=\"auto, (max-width: 1280px) 100vw, 1280px\" \/><\/p>\n<p><strong><em>Resumo da novela \u201cChiquititas\u201d<\/em><\/strong> em 06\/11: no cap\u00edtulo 091(*) da novela, todos se re\u00fanem na casa de Let\u00edcia e se preocupam com a amiga. A mo\u00e7a coloca Dani para dormir e vai \u00e0 sala. Let\u00edcia conta a Tobias, Beto e Clarita que est\u00e1 com c\u00e2ncer e que come\u00e7ou os tratamentos, mas como a doen\u00e7a est\u00e1 avan\u00e7ada o c\u00e2ncer n\u00e3o tem mais cura. Todos se espantam e dizem \u00e0 mo\u00e7a que estar\u00e3o ao lado dela para o que precisar. No quarto, os meninos comentam sobre o interesse de Ernestina em Dr. Roberto e que Chico ficou com ci\u00fames. Mosca acredita que o cozinheiro sente algo verdadeiro pela zeladora e Binho tem uma ideia. Rafa, Mosca e Binho contam o plano para Chico e o cozinheiro aceita a participar do plano. No dia seguinte, Let\u00edcia vai ao hospital para fazer o tratamento e Carol acompanha a amiga. No orfanato, Chico se arruma e Ernestina o questiona. O cozinheiro avisa que est\u00e1 esperando uma visita e a zeladora estranha. Marta vai ao orfanato para conversar com Cintia e pede autoriza\u00e7\u00e3o a diretora para levar Tati a um passeio.<\/p>\n<p>A mo\u00e7a permite e fala a mulher para convidar Vivi, para que assim as tr\u00eas possam se conhecer melhor. Marta revela que n\u00e3o ir\u00e1 adotar as duas meninas. Enquanto Let\u00edcia est\u00e1 fazendo o tratamento, Carol vai at\u00e9 a parte infantil do hospital. A mo\u00e7a v\u00ea Dr. Fernando vestido de palha\u00e7o e alegrando as crian\u00e7as com c\u00e2ncer do lugar. O m\u00e9dico chama Carol para entrar na sala e a apresenta para os pequenos pacientes. No orfanato, Tati vai \u00e0 sala de C\u00edntia e a diretora avisa a pequenina que Marta foi ao local para convid\u00e1-la para passear. Tati diz que levou um susto, pois achou que a mulher quisesse adot\u00e1-la e diz que ir\u00e1 chamar sua irm\u00e3 para irem juntas. Marta diz \u00e0 garota que gostaria que as duas ficassem sozinhas. Esperta, Tati se irrita e afirma que sem Vivi ela n\u00e3o ir\u00e1. A mulher aceita que a irm\u00e3 da garota v\u00e1 junto com elas. No hospital, Fernando fica feliz com a presen\u00e7a de Carol. A mo\u00e7a avisa que foi acompanhar Let\u00edcia para o tratamento e o m\u00e9dico fica feliz com a not\u00edcia.<\/p>\n<p>No p\u00e1tio, Mili l\u00ea um livro sozinha e n\u00e3o percebe a presen\u00e7a de Duda, o garoto a observa. Duda pede para a amiga escutar uma m\u00fasica e diz que sempre se lembra dela ao escutar a can\u00e7\u00e3o. Rafa, vestido de mulher, chega ao orfanato e \u00e9 recebido por Ernestina. Mosca e Binho observam a cena. Rafa se apresenta como Fel\u00edcia e diz \u00e0 zeladora que gostaria de ver Chico. O cozinheiro vai \u00e0 sala e apresenta \u00e0 mo\u00e7a, que na verdade \u00e9 Rafa vestido de mulher, para Ernestina. Mosca e Binho contam a Pata, Cris e Bia sobre o plano. Chico convida Fel\u00edcia para comer um lanche e Ernestina fica enciumada. No hospital, Carol se diverte com as crian\u00e7as que Fernando cuida. Let\u00edcia vai ao encontro da amiga e a mo\u00e7a apresenta o m\u00e9dico para a mulher. Junior liga para Carol e a mo\u00e7a conta que foi acompanhar Let\u00edcia no hospital e que est\u00e1 com Dr. Fernando e as crian\u00e7as. Na mans\u00e3o, Carmen questiona o sobrinho sobre o homem que a noiva do rapaz estava conversando na rua.<\/p>\n<p>Junior explica para a tia e a vil\u00e3 irrita o rapaz. Marta passeia com Tati e Vivi. A irm\u00e3 da pequenina percebe o interesse da mulher na chiquitita. Na cozinha, Ernestina observa Fel\u00edcia e Chico. Cris, Pata e Bia entram no local e o cozinheiro apresenta a falsa mulher para as \u00f3rf\u00e3s. Marta deixa as pequeninas em casa, Tati entra primeiro no orfanato e Vivi pede para conversar com a mo\u00e7a. A pequenina diz a Marta que sabe que a mulher quer adotar sua irm\u00e3, mas que as duas nunca ir\u00e3o se separar. Na sala, Ernestina faz diversas perguntas a Fel\u00edcia e as crian\u00e7as ajudam Rafa a responder as quest\u00f5es da zeladora. Por um descuido, o garoto deixa aparecer o t\u00eanis e Ernestina descobre a farsa. Zangada, a zeladora cobra satisfa\u00e7\u00e3o dos pequeninos e de Chico. O cozinheiro tenta acalmar Ernestina e a zeladora sai chorando da sala.<\/p>\n<p>As crian\u00e7as confessam a Chico que Ernestina ficou com ci\u00fames de Fel\u00edcia. No jardim, Tati fala a Vivi que gostou do passeio com Marta e sua irm\u00e3 fica pensativa. Ernestina vai \u00e0 sala de Cintia e conta sobre a brincadeira que as crian\u00e7as fizeram com ela. A diretora acalma a funcion\u00e1ria e as duas s\u00e3o interrompidas por Vivi. A pequenina conta a Cintia sobre as inten\u00e7\u00f5es de Marta em adotar Tati. Cintia tenta aconselhar Vivi a deixar a irm\u00e3 ser adotada e diz sobre o sonho de Tati em ter uma fam\u00edlia. A diretora diz que ser\u00e1 a melhor decis\u00e3o, pois assim C\u00edcero n\u00e3o ter\u00e1 contato com a pequenina. A \u00f3rf\u00e3 afirma que ningu\u00e9m ira separ\u00e1-la da irm\u00e3.<\/p>\n<p>(*) edi\u00e7\u00e3o das novelas do SBT, \u201cChiquititas\u201d, sujeito a altera\u00e7\u00e3o de data e conte\u00fado.<\/p>\n","protected":false},"excerpt":{"rendered":"<p>Resumo da novela \u201cChiquititas\u201d em 06\/11: no cap\u00edtulo 091(*) da novela, todos se re\u00fanem na casa de Let\u00edcia e se preocupam com a amiga. A mo\u00e7a coloca Dani para dormir e vai \u00e0 sala. Let\u00edcia conta a Tobias, Beto e Clarita que est\u00e1 com c\u00e2ncer e que come\u00e7ou os tratamentos, mas como a doen\u00e7a est\u00e1 [&hellip;]<\/p>\n","protected":false},"author":4,"featured_media":195894,"comment_status":"closed","ping_status":"closed","sticky":false,"template":"","format":"standard","meta":{"tdm_status":"","tdm_grid_status":"","footnotes":""},"categories":[409,379,2025,372,343],"tags":[441],"class_list":{"0":"post-200006","1":"post","2":"type-post","3":"status-publish","4":"format-standard","5":"has-post-thumbnail","7":"category-chiquititas","8":"category-novelas","9":"category-resumo","10":"category-sbt","11":"category-televisao","12":"tag-resumo-do-dia"},"_links":{"self":[{"href":"https:\/\/migracao.redenoticia.com.br\/noticia\/wp-json\/wp\/v2\/posts\/200006","targetHints":{"allow":["GET"]}}],"collection":[{"href":"https:\/\/migracao.redenoticia.com.br\/noticia\/wp-json\/wp\/v2\/posts"}],"about":[{"href":"https:\/\/migracao.redenoticia.com.br\/noticia\/wp-json\/wp\/v2\/types\/post"}],"author":[{"embeddable":true,"href":"https:\/\/migracao.redenoticia.com.br\/noticia\/wp-json\/wp\/v2\/users\/4"}],"replies":[{"embeddable":true,"href":"https:\/\/migracao.redenoticia.com.br\/noticia\/wp-json\/wp\/v2\/comments?post=200006"}],"version-history":[{"count":0,"href":"https:\/\/migracao.redenoticia.com.br\/noticia\/wp-json\/wp\/v2\/posts\/200006\/revisions"}],"wp:featuredmedia":[{"embeddable":true,"href":"https:\/\/migracao.redenoticia.com.br\/noticia\/wp-json\/wp\/v2\/media\/195894"}],"wp:attachment":[{"href":"https:\/\/migracao.redenoticia.com.br\/noticia\/wp-json\/wp\/v2\/media?parent=200006"}],"wp:term":[{"taxonomy":"category","embeddable":true,"href":"https:\/\/migracao.redenoticia.com.br\/noticia\/wp-json\/wp\/v2\/categories?post=200006"},{"taxonomy":"post_tag","embeddable":true,"href":"https:\/\/migracao.redenoticia.com.br\/noticia\/wp-json\/wp\/v2\/tags?post=200006"}],"curies":[{"name":"wp","href":"https:\/\/api.w.org\/{rel}","templated":true}]}}