{"id":200174,"date":"2020-11-10T14:58:07","date_gmt":"2020-11-10T17:58:07","guid":{"rendered":"https:\/\/www.redenoticia.com.br\/noticia\/?p=200174"},"modified":"2020-11-10T14:58:07","modified_gmt":"2020-11-10T17:58:07","slug":"resumo-a-forca-do-querer-11-11-bibi-implora-que-caio-defenda-rubinho","status":"publish","type":"post","link":"https:\/\/migracao.redenoticia.com.br\/noticia\/2020\/resumo-a-forca-do-querer-11-11-bibi-implora-que-caio-defenda-rubinho\/200174","title":{"rendered":"Resumo &#8220;A For\u00e7a do Querer&#8221; 11\/11: Bibi implora que Caio defenda Rubinho"},"content":{"rendered":"<p> <img loading=\"lazy\" decoding=\"async\" src=\"https:\/\/migracao.redenoticia.com.br\/noticia\/imagens\/a-forca-do-querer-resumo-sinopse.jpg\" alt=\"\" width=\"1280\" height=\"720\" class=\"aligncenter size-full wp-image-195899\" srcset=\"https:\/\/migracao.redenoticia.com.br\/noticia\/imagens\/a-forca-do-querer-resumo-sinopse.jpg 1280w, https:\/\/migracao.redenoticia.com.br\/noticia\/imagens\/a-forca-do-querer-resumo-sinopse-250x140.jpg 250w, https:\/\/migracao.redenoticia.com.br\/noticia\/imagens\/a-forca-do-querer-resumo-sinopse-400x225.jpg 400w, https:\/\/migracao.redenoticia.com.br\/noticia\/imagens\/a-forca-do-querer-resumo-sinopse-768x432.jpg 768w, https:\/\/migracao.redenoticia.com.br\/noticia\/imagens\/a-forca-do-querer-resumo-sinopse-150x85.jpg 150w, https:\/\/migracao.redenoticia.com.br\/noticia\/imagens\/a-forca-do-querer-resumo-sinopse-696x392.jpg 696w, https:\/\/migracao.redenoticia.com.br\/noticia\/imagens\/a-forca-do-querer-resumo-sinopse-1068x601.jpg 1068w\" sizes=\"auto, (max-width: 1280px) 100vw, 1280px\" \/><\/p>\n<p><em><strong>Resumo da novela \u201cA For\u00e7a do Querer\u201d<\/strong><\/em> em 11\/11: no cap\u00edtulo 045(*) da novela, Eug\u00eanio se arrepende de beijar Irene. Zeca avisa a Edinalva que processar\u00e1 Ritinha. Abel conta para Jeiza os planos de Zeca e a policial decide ir atr\u00e1s do ex-noivo. Bibi pede a solidariedade de Heleninha. Jeiza se incomoda ao ver uma mulher se insinuar para Zeca. Shirley interroga Cibele sobre seu encontro com Amaro. <\/p>\n<p>Amaro e Ruy conversam sobre Cibele. Zeca e Jeiza se beijam. Silvana novamente decide passar a noite jogando e inventa para Eurico que viajar\u00e1 para S\u00e3o Paulo. Bibi visita Rubinho e afirma que ele n\u00e3o ser\u00e1 transferido. Nonato desconfia das atitudes de Silvana. Yuri conta para Caio que Heleninha denunciou Rubinho. Joyce conta para Ivana sua conversa com Eug\u00eanio. Nonato segue Silvana. Bibi implora que Caio defenda Rubinho.<\/p>\n<p>(*) edi\u00e7\u00e3o das novelas da Globo, \u201cA For\u00e7a do Querer\u201d, sujeito a altera\u00e7\u00e3o de data e conte\u00fado.<\/p>\n<p>Sinopse \u201cA For\u00e7a do Querer\u201d: esta \u00e9 a hist\u00f3ria de Rita (Isis Valverde), uma jovem apaixonada por si mesmo e que adora sentir o fasc\u00ednio que exerce sobre os homens &#8211; assim como as sereias. Zeca (Marco Pigossi) \u00e9 caminhoneiro rude, passional e com um cora\u00e7\u00e3o enorme. Trabalhador, nunca se deixou levar pelos coment\u00e1rios maldosos sobre a personalidade de Rita. Apaixonado pela gata, fica arrasado ao saber de seu envolvimento com Ruy. Orgulhoso, se muda para o Rio de Janeiro para recome\u00e7ar a vida e se aproxima de Jeiza. Ruy (Fiuk) \u00e9 o filho de Eug\u00eanio e Joyce. Est\u00e1 sendo treinado para substituir o pai na empresa da fam\u00edlia. Noivo de Cibele, se encanta por Rita durante uma viagem ao Par\u00e1. <\/p>\n","protected":false},"excerpt":{"rendered":"<p>Resumo da novela \u201cA For\u00e7a do Querer\u201d em 11\/11: no cap\u00edtulo 045(*) da novela, Eug\u00eanio se arrepende de beijar Irene. Zeca avisa a Edinalva que processar\u00e1 Ritinha. Abel conta para Jeiza os planos de Zeca e a policial decide ir atr\u00e1s do ex-noivo. Bibi pede a solidariedade de Heleninha. Jeiza se incomoda ao ver uma [&hellip;]<\/p>\n","protected":false},"author":2,"featured_media":195901,"comment_status":"closed","ping_status":"closed","sticky":false,"template":"","format":"standard","meta":{"tdm_status":"","tdm_grid_status":"","footnotes":""},"categories":[2027,379,375,2025,343],"tags":[441],"class_list":{"0":"post-200174","1":"post","2":"type-post","3":"status-publish","4":"format-standard","5":"has-post-thumbnail","7":"category-a-forca-do-querer","8":"category-novelas","9":"category-rede-globo","10":"category-resumo","11":"category-televisao","12":"tag-resumo-do-dia"},"_links":{"self":[{"href":"https:\/\/migracao.redenoticia.com.br\/noticia\/wp-json\/wp\/v2\/posts\/200174","targetHints":{"allow":["GET"]}}],"collection":[{"href":"https:\/\/migracao.redenoticia.com.br\/noticia\/wp-json\/wp\/v2\/posts"}],"about":[{"href":"https:\/\/migracao.redenoticia.com.br\/noticia\/wp-json\/wp\/v2\/types\/post"}],"author":[{"embeddable":true,"href":"https:\/\/migracao.redenoticia.com.br\/noticia\/wp-json\/wp\/v2\/users\/2"}],"replies":[{"embeddable":true,"href":"https:\/\/migracao.redenoticia.com.br\/noticia\/wp-json\/wp\/v2\/comments?post=200174"}],"version-history":[{"count":0,"href":"https:\/\/migracao.redenoticia.com.br\/noticia\/wp-json\/wp\/v2\/posts\/200174\/revisions"}],"wp:featuredmedia":[{"embeddable":true,"href":"https:\/\/migracao.redenoticia.com.br\/noticia\/wp-json\/wp\/v2\/media\/195901"}],"wp:attachment":[{"href":"https:\/\/migracao.redenoticia.com.br\/noticia\/wp-json\/wp\/v2\/media?parent=200174"}],"wp:term":[{"taxonomy":"category","embeddable":true,"href":"https:\/\/migracao.redenoticia.com.br\/noticia\/wp-json\/wp\/v2\/categories?post=200174"},{"taxonomy":"post_tag","embeddable":true,"href":"https:\/\/migracao.redenoticia.com.br\/noticia\/wp-json\/wp\/v2\/tags?post=200174"}],"curies":[{"name":"wp","href":"https:\/\/api.w.org\/{rel}","templated":true}]}}