{"id":200177,"date":"2020-11-10T14:52:28","date_gmt":"2020-11-10T17:52:28","guid":{"rendered":"https:\/\/www.redenoticia.com.br\/noticia\/?p=200177"},"modified":"2020-11-10T14:52:28","modified_gmt":"2020-11-10T17:52:28","slug":"resumo-malhacao-viva-a-diferenca-11-11-tina-chega-ao-brasil","status":"publish","type":"post","link":"https:\/\/migracao.redenoticia.com.br\/noticia\/2020\/resumo-malhacao-viva-a-diferenca-11-11-tina-chega-ao-brasil\/200177","title":{"rendered":"Resumo \u201cMalha\u00e7\u00e3o\u201d Viva a Diferen\u00e7a 11\/11: Tina chega ao Brasil"},"content":{"rendered":"<p> <img loading=\"lazy\" decoding=\"async\" class=\"aligncenter size-full wp-image-197361\" src=\"https:\/\/migracao.redenoticia.com.br\/noticia\/imagens\/malhacao-viva-a-diferenca-elenco-protagonistas.jpg\" alt=\"\" width=\"1280\" height=\"720\" srcset=\"https:\/\/migracao.redenoticia.com.br\/noticia\/imagens\/malhacao-viva-a-diferenca-elenco-protagonistas.jpg 1280w, https:\/\/migracao.redenoticia.com.br\/noticia\/imagens\/malhacao-viva-a-diferenca-elenco-protagonistas-250x140.jpg 250w, https:\/\/migracao.redenoticia.com.br\/noticia\/imagens\/malhacao-viva-a-diferenca-elenco-protagonistas-400x225.jpg 400w, https:\/\/migracao.redenoticia.com.br\/noticia\/imagens\/malhacao-viva-a-diferenca-elenco-protagonistas-768x432.jpg 768w, https:\/\/migracao.redenoticia.com.br\/noticia\/imagens\/malhacao-viva-a-diferenca-elenco-protagonistas-150x85.jpg 150w\" sizes=\"auto, (max-width: 1280px) 100vw, 1280px\" \/><\/p>\n<p><em><strong>Resumo da novela \u201cMalha\u00e7\u00e3o\u201d Viva a Diferen\u00e7a<\/strong><\/em> em 11\/11: no cap\u00edtulo 157(*) da novela, Tato tenta impedir K2 de estragar as roupas de Keyla. Ellen estranha a rea\u00e7\u00e3o de Anderson sobre a not\u00edcia da volta de Tina. Tato assume a culpa de K2 para Keyla, que desconfia. K1 sofre bullying na escola e Ben\u00ea e Dog\u00e3o a defendem. Clara pede para ficar na casa de Lica durante a viagem de Malu. Jota fica feliz ao saber do fim do namoro de Ellen. <\/p>\n<p>K1 pede perd\u00e3o a Ben\u00ea. Roney decide promover uma audi\u00e7\u00e3o para recrutar m\u00fasicos para sua banda. K1 comenta com K2 sobre o acidente com as roupas do brech\u00f3 de Keyla. Dog\u00e3o confessa a D\u00f3ris que foi o autor da bomba e pede para permanecer no Cora Coralina. Dog\u00e3o se candidata \u00e0 vaga de chapeiro na lanchonete. Samantha questiona Anderson sobre a volta de Tina. Tato exige que K2 assuma sua culpa para Keyla. Tina chega ao Brasil.<\/p>\n<p>(*) edi\u00e7\u00e3o das novelas da Globo, \u201cMalha\u00e7\u00e3o\u201d Viva a Diferen\u00e7a, sujeito a altera\u00e7\u00e3o de data e conte\u00fado.<\/p>\n<p>Sinopse \u201cMalha\u00e7\u00e3o\u201d Viva a Diferen\u00e7a: No vibrante e ca\u00f3tico universo de S\u00e3o Paulo, Keyla (Gabriela Medvedovski), Ben\u00ea (Daphne Bozaski), Tina (Ana Hikari), Lica (Manoela Aliperti) e Ellen (Heslaine Vieira), cinco adolescentes que n\u00e3o se conheciam, se veem presas sozinhas no mesmo vag\u00e3o de metr\u00f4 por obra do acaso durante uma pane em um dia chuvoso. Como se n\u00e3o bastasse a tens\u00e3o natural da situa\u00e7\u00e3o, Keyla entra em trabalho de parto e elas se unem em solidariedade para ajud\u00e1-la no nascimento do beb\u00ea mesmo sem recursos dispon\u00edveis no local, criando um v\u00ednculo de amizade entre cinco garotas com backgrounds e personalidades completamente diferentes.<\/p>\n","protected":false},"excerpt":{"rendered":"<p>Resumo da novela \u201cMalha\u00e7\u00e3o\u201d Viva a Diferen\u00e7a em 11\/11: no cap\u00edtulo 157(*) da novela, Tato tenta impedir K2 de estragar as roupas de Keyla. Ellen estranha a rea\u00e7\u00e3o de Anderson sobre a not\u00edcia da volta de Tina. Tato assume a culpa de K2 para Keyla, que desconfia. K1 sofre bullying na escola e Ben\u00ea e [&hellip;]<\/p>\n","protected":false},"author":2,"featured_media":197368,"comment_status":"closed","ping_status":"closed","sticky":false,"template":"","format":"standard","meta":{"tdm_status":"","tdm_grid_status":"","footnotes":""},"categories":[447,379,375,2025,343],"tags":[441],"class_list":{"0":"post-200177","1":"post","2":"type-post","3":"status-publish","4":"format-standard","5":"has-post-thumbnail","7":"category-malhacao","8":"category-novelas","9":"category-rede-globo","10":"category-resumo","11":"category-televisao","12":"tag-resumo-do-dia"},"_links":{"self":[{"href":"https:\/\/migracao.redenoticia.com.br\/noticia\/wp-json\/wp\/v2\/posts\/200177","targetHints":{"allow":["GET"]}}],"collection":[{"href":"https:\/\/migracao.redenoticia.com.br\/noticia\/wp-json\/wp\/v2\/posts"}],"about":[{"href":"https:\/\/migracao.redenoticia.com.br\/noticia\/wp-json\/wp\/v2\/types\/post"}],"author":[{"embeddable":true,"href":"https:\/\/migracao.redenoticia.com.br\/noticia\/wp-json\/wp\/v2\/users\/2"}],"replies":[{"embeddable":true,"href":"https:\/\/migracao.redenoticia.com.br\/noticia\/wp-json\/wp\/v2\/comments?post=200177"}],"version-history":[{"count":0,"href":"https:\/\/migracao.redenoticia.com.br\/noticia\/wp-json\/wp\/v2\/posts\/200177\/revisions"}],"wp:featuredmedia":[{"embeddable":true,"href":"https:\/\/migracao.redenoticia.com.br\/noticia\/wp-json\/wp\/v2\/media\/197368"}],"wp:attachment":[{"href":"https:\/\/migracao.redenoticia.com.br\/noticia\/wp-json\/wp\/v2\/media?parent=200177"}],"wp:term":[{"taxonomy":"category","embeddable":true,"href":"https:\/\/migracao.redenoticia.com.br\/noticia\/wp-json\/wp\/v2\/categories?post=200177"},{"taxonomy":"post_tag","embeddable":true,"href":"https:\/\/migracao.redenoticia.com.br\/noticia\/wp-json\/wp\/v2\/tags?post=200177"}],"curies":[{"name":"wp","href":"https:\/\/api.w.org\/{rel}","templated":true}]}}