{"id":200187,"date":"2020-11-10T14:56:54","date_gmt":"2020-11-10T17:56:54","guid":{"rendered":"https:\/\/www.redenoticia.com.br\/noticia\/?p=200187"},"modified":"2020-11-10T14:56:54","modified_gmt":"2020-11-10T17:56:54","slug":"resumo-flor-do-caribe-11-11-alberto-pretende-denunciar-ester-ao-ministerio-publico","status":"publish","type":"post","link":"https:\/\/migracao.redenoticia.com.br\/noticia\/2020\/resumo-flor-do-caribe-11-11-alberto-pretende-denunciar-ester-ao-ministerio-publico\/200187","title":{"rendered":"Resumo \u201cFlor do Caribe\u201d 11\/11: Alberto pretende denunciar Ester ao Minist\u00e9rio P\u00fablico"},"content":{"rendered":"<p> <img loading=\"lazy\" decoding=\"async\" class=\"aligncenter size-full wp-image-197364\" src=\"https:\/\/migracao.redenoticia.com.br\/noticia\/imagens\/flor-do-caribe-resumo-novela.jpg\" alt=\"\" width=\"1280\" height=\"720\" srcset=\"https:\/\/migracao.redenoticia.com.br\/noticia\/imagens\/flor-do-caribe-resumo-novela.jpg 1280w, https:\/\/migracao.redenoticia.com.br\/noticia\/imagens\/flor-do-caribe-resumo-novela-250x140.jpg 250w, https:\/\/migracao.redenoticia.com.br\/noticia\/imagens\/flor-do-caribe-resumo-novela-400x225.jpg 400w, https:\/\/migracao.redenoticia.com.br\/noticia\/imagens\/flor-do-caribe-resumo-novela-768x432.jpg 768w, https:\/\/migracao.redenoticia.com.br\/noticia\/imagens\/flor-do-caribe-resumo-novela-150x85.jpg 150w\" sizes=\"auto, (max-width: 1280px) 100vw, 1280px\" \/><\/p>\n<p><em><strong>Resumo da novela \u201cFlor do Caribe\u201d<\/strong><\/em> em 11\/11: no cap\u00edtulo 063(*) da novela, a professora de Laurinha liga para Alberto, que vai ao encontro da filha na escola, no lugar de Ester. Veridiana se oferece para abrigar as crian\u00e7as da ONG em seu s\u00edtio. Ester fica apavorada ao chegar na escola e ser avisada de que Alberto buscou Laurinha. Lindaura resolve acompanhar Ester at\u00e9 a empresa de Alberto para pegar a neta. Ester invade a sala de Alberto e amea\u00e7a o executivo. <\/p>\n<p>Alberto manda H\u00e9lio pegar os livros-caixa da ONG. Juliano tenta convencer Nat\u00e1lia a se casar com ele. H\u00e9lio avisa a Cassiano que Alberto pode mandar o advogado denunciar Ester ao Minist\u00e9rio P\u00fablico, caso ela n\u00e3o consiga prestar contas de como investiu o dinheiro do Grupo Albuquerque na ONG. Alberto avisa a H\u00e9lio que tomar\u00e1 a guarda dos filhos de Ester.<\/p>\n<p>(*) edi\u00e7\u00e3o das novelas da Globo, \u201cFlor do Caribe\u201d, sujeito a altera\u00e7\u00e3o de data e conte\u00fado.<\/p>\n<p>Sinopse \u201cFlor do Caribe\u201d: A hist\u00f3ria se passa na fict\u00edcia Vila dos Ventos. Na novela, amigos de inf\u00e2ncia se tornam rivais por um grande amor. Cassiano (Henri Castelli), Ester (Grazi Massafera) e Alberto (Igor Rickli) s\u00e3o amigos de inf\u00e2ncia em Flor do Caribe. As temporadas de f\u00e9rias em Vila dos Ventos aproximaram os tr\u00eas, mas suas vidas seguiram caminhos distintos. Alberto se afasta por alguns anos para receber a forma\u00e7\u00e3o que lhe cabe como herdeiro do imp\u00e9rio constru\u00eddo pela fam\u00edlia Albuquerque, enquanto Ester e Cassiano vivem o amor que sentem um pelo outro e lutam para alcan\u00e7ar seus objetivos.<\/p>\n","protected":false},"excerpt":{"rendered":"<p>Resumo da novela \u201cFlor do Caribe\u201d em 11\/11: no cap\u00edtulo 063(*) da novela, a professora de Laurinha liga para Alberto, que vai ao encontro da filha na escola, no lugar de Ester. Veridiana se oferece para abrigar as crian\u00e7as da ONG em seu s\u00edtio. Ester fica apavorada ao chegar na escola e ser avisada de [&hellip;]<\/p>\n","protected":false},"author":2,"featured_media":197363,"comment_status":"closed","ping_status":"closed","sticky":false,"template":"","format":"standard","meta":{"tdm_status":"","tdm_grid_status":"","footnotes":""},"categories":[2056,379,375,2025,343],"tags":[441],"class_list":{"0":"post-200187","1":"post","2":"type-post","3":"status-publish","4":"format-standard","5":"has-post-thumbnail","7":"category-flor-de-caribe","8":"category-novelas","9":"category-rede-globo","10":"category-resumo","11":"category-televisao","12":"tag-resumo-do-dia"},"_links":{"self":[{"href":"https:\/\/migracao.redenoticia.com.br\/noticia\/wp-json\/wp\/v2\/posts\/200187","targetHints":{"allow":["GET"]}}],"collection":[{"href":"https:\/\/migracao.redenoticia.com.br\/noticia\/wp-json\/wp\/v2\/posts"}],"about":[{"href":"https:\/\/migracao.redenoticia.com.br\/noticia\/wp-json\/wp\/v2\/types\/post"}],"author":[{"embeddable":true,"href":"https:\/\/migracao.redenoticia.com.br\/noticia\/wp-json\/wp\/v2\/users\/2"}],"replies":[{"embeddable":true,"href":"https:\/\/migracao.redenoticia.com.br\/noticia\/wp-json\/wp\/v2\/comments?post=200187"}],"version-history":[{"count":0,"href":"https:\/\/migracao.redenoticia.com.br\/noticia\/wp-json\/wp\/v2\/posts\/200187\/revisions"}],"wp:featuredmedia":[{"embeddable":true,"href":"https:\/\/migracao.redenoticia.com.br\/noticia\/wp-json\/wp\/v2\/media\/197363"}],"wp:attachment":[{"href":"https:\/\/migracao.redenoticia.com.br\/noticia\/wp-json\/wp\/v2\/media?parent=200187"}],"wp:term":[{"taxonomy":"category","embeddable":true,"href":"https:\/\/migracao.redenoticia.com.br\/noticia\/wp-json\/wp\/v2\/categories?post=200187"},{"taxonomy":"post_tag","embeddable":true,"href":"https:\/\/migracao.redenoticia.com.br\/noticia\/wp-json\/wp\/v2\/tags?post=200187"}],"curies":[{"name":"wp","href":"https:\/\/api.w.org\/{rel}","templated":true}]}}