{"id":200252,"date":"2020-11-11T20:12:48","date_gmt":"2020-11-11T23:12:48","guid":{"rendered":"https:\/\/www.redenoticia.com.br\/noticia\/?p=200252"},"modified":"2020-11-12T10:45:33","modified_gmt":"2020-11-12T13:45:33","slug":"resumo-o-que-a-vida-me-roubou-12-11-graziela-pede-a-josefina-que-nao-se-case","status":"publish","type":"post","link":"https:\/\/migracao.redenoticia.com.br\/noticia\/2020\/resumo-o-que-a-vida-me-roubou-12-11-graziela-pede-a-josefina-que-nao-se-case\/200252","title":{"rendered":"Resumo \u201cO Que A Vida Me Roubou\u201d 12\/11: Graziela pede a Josefina que n\u00e3o se case"},"content":{"rendered":"<p> <img loading=\"lazy\" decoding=\"async\" class=\"aligncenter size-full wp-image-195880\" src=\"https:\/\/migracao.redenoticia.com.br\/noticia\/imagens\/o-que-a-vida-me-roubou-resumo-sinopse.jpg\" alt=\"\" width=\"1280\" height=\"720\" srcset=\"https:\/\/migracao.redenoticia.com.br\/noticia\/imagens\/o-que-a-vida-me-roubou-resumo-sinopse.jpg 1280w, https:\/\/migracao.redenoticia.com.br\/noticia\/imagens\/o-que-a-vida-me-roubou-resumo-sinopse-250x140.jpg 250w, https:\/\/migracao.redenoticia.com.br\/noticia\/imagens\/o-que-a-vida-me-roubou-resumo-sinopse-400x225.jpg 400w, https:\/\/migracao.redenoticia.com.br\/noticia\/imagens\/o-que-a-vida-me-roubou-resumo-sinopse-768x432.jpg 768w, https:\/\/migracao.redenoticia.com.br\/noticia\/imagens\/o-que-a-vida-me-roubou-resumo-sinopse-150x85.jpg 150w, https:\/\/migracao.redenoticia.com.br\/noticia\/imagens\/o-que-a-vida-me-roubou-resumo-sinopse-696x392.jpg 696w, https:\/\/migracao.redenoticia.com.br\/noticia\/imagens\/o-que-a-vida-me-roubou-resumo-sinopse-1068x601.jpg 1068w\" sizes=\"auto, (max-width: 1280px) 100vw, 1280px\" \/><\/p>\n<p><strong><em>Resumo da novela \u201cO Que A Vida Me Roubou\u201d<\/em><\/strong> em 12\/11: no cap\u00edtulo 149(*) da novela, Victor diz \u00e0 N\u00e1dia que Adolfo mentiu e revela que ele \u00e9 o &#8220;Escorpi\u00e3o&#8221;, e conta que foi Adolfo quem disparou contra Pedro Medina e ele o ajudou. Jos\u00e9 Lu\u00eds vai at\u00e9 o t\u00famulo de Renato e se surpreende ao encontrar Adolfo. Montserrat e Dem\u00e9trio prometem a Graziela que cuidar\u00e3o dela at\u00e9 o final. Os filhos de Graziela a perdoam. Jos\u00e9 Luis, inconformado com a morte do amigo se emociona ao dizer que n\u00e3o p\u00f4de se despedir dele porque sua filha estava no hospital. <\/p>\n<p>Am\u00e9lia pede que ele trate de ser feliz. Jos\u00e9 Luis consola Esmeralda pela morte de Renato e se coloca \u00e0 disposi\u00e7\u00e3o para ajud\u00e1-la em tudo que precisar. Adolfo pede a Pedro que o mate por que n\u00e3o quer continuar sendo obrigado a matar pessoas inocentes e tamb\u00e9m, n\u00e3o quer ser preso. Pedro responde que Dem\u00e9trio o matar\u00e1. Adolfo aponta o rev\u00f3lver para Pedro e este lembra a ele que sua irm\u00e3 e Josefina pagar\u00e3o as consequ\u00eancias. Jos\u00e9 Lu\u00eds diz ao padre Anselmo que desiste de tentar separar Montserrat de Alessandro, mas quer continuar vendo sua filha. Depois, procura Montserrat para dizer que j\u00e1 n\u00e3o a ama e est\u00e1 apaixonado por Ang\u00e9lica. Montserrat se sente aliviada e feliz por Jos\u00e9 Luiz refazer sua vida.<\/p>\n<p>N\u00e1dia pergunta a Montserrat se Pedro a procurou. Montserrat diz que n\u00e3o e N\u00e1dia a aconselha a tomar cuidado porque cedo ou tarde ele vai exigir que cumpra a promessa. Erick fica arrasado ao receber a not\u00edcia da morte de sua m\u00e3e e Firmino o culpa pelo que aconteceu. Esmeralda diz a Firmino que Erick est\u00e1 fragilizado e precisando de seu apoio. Os dois se abra\u00e7am. <\/p>\n<p>Graziela pede a Josefina que n\u00e3o se case com Adolfo, pois agora tem certeza que ela \u00e9 a felicidade de seu filho. Pedro telefona para Montserrat lembra que ela lhe deve a vida de seu marido e pede que lhe pague a promessa. Pedro exige que Montserrat conte a N\u00e1dia que seu irm\u00e3o passou de caloteiro a assassino e revele que ele \u00e9 o Escorpi\u00e3o.<\/p>\n<p>(*) edi\u00e7\u00e3o das novelas do SBT, \u201cO Que A Vida Me Roubou\u201d, sujeito a altera\u00e7\u00e3o de data e conte\u00fado.<\/p>\n<p>Sinopse \u201cO Que A Vida Me Roubou\u201d: A hist\u00f3ria se passa em \u00c1gua Azul, onde Montserrat vive. Montserrat \u00e9 uma bela jovem socialite que sempre foi dominada por sua m\u00e3e Graziela, cuja \u00fanica preocupa\u00e7\u00e3o \u00e9 o seu elevado estatuto na sociedade, mesmo que a fam\u00edlia esteja financeiramente arruinada. Montserrat, apesar de fazer tudo o que sua m\u00e3e diz-lhe, secretamente mant\u00e9m um relacionamento com Jos\u00e9 Luis da marinha, com quem planeja se casar. <\/p>\n","protected":false},"excerpt":{"rendered":"<p>Resumo da novela \u201cO Que A Vida Me Roubou\u201d em 12\/11: no cap\u00edtulo 149(*) da novela, Victor diz \u00e0 N\u00e1dia que Adolfo mentiu e revela que ele \u00e9 o &#8220;Escorpi\u00e3o&#8221;, e conta que foi Adolfo quem disparou contra Pedro Medina e ele o ajudou. Jos\u00e9 Lu\u00eds vai at\u00e9 o t\u00famulo de Renato e se surpreende [&hellip;]<\/p>\n","protected":false},"author":2,"featured_media":197370,"comment_status":"closed","ping_status":"closed","sticky":false,"template":"","format":"standard","meta":{"tdm_status":"","tdm_grid_status":"","footnotes":""},"categories":[379,2025,372,343],"tags":[441],"class_list":{"0":"post-200252","1":"post","2":"type-post","3":"status-publish","4":"format-standard","5":"has-post-thumbnail","7":"category-novelas","8":"category-resumo","9":"category-sbt","10":"category-televisao","11":"tag-resumo-do-dia"},"_links":{"self":[{"href":"https:\/\/migracao.redenoticia.com.br\/noticia\/wp-json\/wp\/v2\/posts\/200252","targetHints":{"allow":["GET"]}}],"collection":[{"href":"https:\/\/migracao.redenoticia.com.br\/noticia\/wp-json\/wp\/v2\/posts"}],"about":[{"href":"https:\/\/migracao.redenoticia.com.br\/noticia\/wp-json\/wp\/v2\/types\/post"}],"author":[{"embeddable":true,"href":"https:\/\/migracao.redenoticia.com.br\/noticia\/wp-json\/wp\/v2\/users\/2"}],"replies":[{"embeddable":true,"href":"https:\/\/migracao.redenoticia.com.br\/noticia\/wp-json\/wp\/v2\/comments?post=200252"}],"version-history":[{"count":0,"href":"https:\/\/migracao.redenoticia.com.br\/noticia\/wp-json\/wp\/v2\/posts\/200252\/revisions"}],"wp:featuredmedia":[{"embeddable":true,"href":"https:\/\/migracao.redenoticia.com.br\/noticia\/wp-json\/wp\/v2\/media\/197370"}],"wp:attachment":[{"href":"https:\/\/migracao.redenoticia.com.br\/noticia\/wp-json\/wp\/v2\/media?parent=200252"}],"wp:term":[{"taxonomy":"category","embeddable":true,"href":"https:\/\/migracao.redenoticia.com.br\/noticia\/wp-json\/wp\/v2\/categories?post=200252"},{"taxonomy":"post_tag","embeddable":true,"href":"https:\/\/migracao.redenoticia.com.br\/noticia\/wp-json\/wp\/v2\/tags?post=200252"}],"curies":[{"name":"wp","href":"https:\/\/api.w.org\/{rel}","templated":true}]}}