{"id":200275,"date":"2020-12-27T13:48:27","date_gmt":"2020-12-27T16:48:27","guid":{"rendered":"https:\/\/www.redenoticia.com.br\/noticia\/?p=200275"},"modified":"2020-12-30T05:43:54","modified_gmt":"2020-12-30T08:43:54","slug":"comecam-as-apostas-para-a-mega-da-virada-2020","status":"publish","type":"post","link":"https:\/\/migracao.redenoticia.com.br\/noticia\/2020\/comecam-as-apostas-para-a-mega-da-virada-2020\/200275","title":{"rendered":"Come\u00e7am as apostas para a Mega da Virada 2330, concurso de 2020"},"content":{"rendered":"<p><img loading=\"lazy\" decoding=\"async\" class=\"aligncenter size-full wp-image-200277\" src=\"https:\/\/migracao.redenoticia.com.br\/noticia\/imagens\/mega-da-virada.jpg\" alt=\"\" width=\"1280\" height=\"720\" srcset=\"https:\/\/migracao.redenoticia.com.br\/noticia\/imagens\/mega-da-virada.jpg 1280w, https:\/\/migracao.redenoticia.com.br\/noticia\/imagens\/mega-da-virada-250x140.jpg 250w, https:\/\/migracao.redenoticia.com.br\/noticia\/imagens\/mega-da-virada-400x225.jpg 400w, https:\/\/migracao.redenoticia.com.br\/noticia\/imagens\/mega-da-virada-768x432.jpg 768w, https:\/\/migracao.redenoticia.com.br\/noticia\/imagens\/mega-da-virada-150x85.jpg 150w\" sizes=\"auto, (max-width: 1280px) 100vw, 1280px\" \/><\/p>\n<p>Come\u00e7am a ser registradas, nesta segunda-feira (16), as apostas para a <strong><em>&#8220;Mega da Virada&#8221;<\/em><\/strong> do ano de 2020. A estimativa de pr\u00eamio para quem acertar as seis dezenas do concurso 2.330 da Mega-Sena chega a ser maior que R$ 300 milh\u00f5es. O sorteio ser\u00e1 realizado na quinta-feira, dia 31 de dezembro de 2020.<\/p>\n<p>Pode interessar<br \/>\n<a href=\"https:\/\/migracao.redenoticia.com.br\/noticia\/2020\/todos-os-resultados-da-mega-sena\/199303\">Todos os resultados da Mega Sena<\/a><\/p>\n<p>Como nos demais concursos especiais, o pr\u00eamio principal da &#8220;Mega da Virada&#8221; n\u00e3o acumula. N\u00e3o havendo apostas premiadas com seis n\u00fameros, o pr\u00eamio ser\u00e1 rateado entre os acertadores de cinco n\u00fameros \u2013 e assim sucessivamente.<\/p>\n<p>As apostas para a &#8220;Mega da Virada&#8221; podem ser feitas por maiores de 18 anos em qualquer lot\u00e9rica do Brasil, usando o volante espec\u00edfico do concurso especial. Tamb\u00e9m \u00e9 poss\u00edvel apostar pelo Portal Online e pelo app Loterias.<\/p>\n<p>Bol\u00e3o &#8220;Mega da Virada&#8221;:<\/p>\n<p>Para aumentar as chances de ganhar, os apostadores tamb\u00e9m podem participar de bol\u00f5es para a &#8220;Mega da Virada&#8221;. Basta formar um grupo, escolher os n\u00fameros da aposta, marcar a quantidade de cotas e registrar em qualquer uma das lot\u00e9ricas do pa\u00eds. Ao ser registrada no sistema, a aposta gera um recibo de cota para cada participante que, em caso de premia\u00e7\u00e3o, poder\u00e1 resgatar a sua parte do pr\u00eamio individualmente.<\/p>\n","protected":false},"excerpt":{"rendered":"<p>Come\u00e7am a ser registradas, nesta segunda-feira (16), as apostas para a &#8220;Mega da Virada&#8221; do ano de 2020. A estimativa de pr\u00eamio para quem acertar as seis dezenas do concurso 2.330 da Mega-Sena chega a ser maior que R$ 300 milh\u00f5es. O sorteio ser\u00e1 realizado na quinta-feira, dia 31 de dezembro de 2020. Pode interessar [&hellip;]<\/p>\n","protected":false},"author":2,"featured_media":200276,"comment_status":"closed","ping_status":"closed","sticky":false,"template":"","format":"standard","meta":{"tdm_status":"","tdm_grid_status":"","footnotes":""},"categories":[388,335,2101,355],"tags":[476,445],"class_list":{"0":"post-200275","1":"post","2":"type-post","3":"status-publish","4":"format-standard","5":"has-post-thumbnail","7":"category-destaques","8":"category-loteria","9":"category-mega-da-virada","10":"category-mega-sena","11":"tag-loteria","12":"tag-mega-sena"},"_links":{"self":[{"href":"https:\/\/migracao.redenoticia.com.br\/noticia\/wp-json\/wp\/v2\/posts\/200275","targetHints":{"allow":["GET"]}}],"collection":[{"href":"https:\/\/migracao.redenoticia.com.br\/noticia\/wp-json\/wp\/v2\/posts"}],"about":[{"href":"https:\/\/migracao.redenoticia.com.br\/noticia\/wp-json\/wp\/v2\/types\/post"}],"author":[{"embeddable":true,"href":"https:\/\/migracao.redenoticia.com.br\/noticia\/wp-json\/wp\/v2\/users\/2"}],"replies":[{"embeddable":true,"href":"https:\/\/migracao.redenoticia.com.br\/noticia\/wp-json\/wp\/v2\/comments?post=200275"}],"version-history":[{"count":0,"href":"https:\/\/migracao.redenoticia.com.br\/noticia\/wp-json\/wp\/v2\/posts\/200275\/revisions"}],"wp:featuredmedia":[{"embeddable":true,"href":"https:\/\/migracao.redenoticia.com.br\/noticia\/wp-json\/wp\/v2\/media\/200276"}],"wp:attachment":[{"href":"https:\/\/migracao.redenoticia.com.br\/noticia\/wp-json\/wp\/v2\/media?parent=200275"}],"wp:term":[{"taxonomy":"category","embeddable":true,"href":"https:\/\/migracao.redenoticia.com.br\/noticia\/wp-json\/wp\/v2\/categories?post=200275"},{"taxonomy":"post_tag","embeddable":true,"href":"https:\/\/migracao.redenoticia.com.br\/noticia\/wp-json\/wp\/v2\/tags?post=200275"}],"curies":[{"name":"wp","href":"https:\/\/api.w.org\/{rel}","templated":true}]}}