{"id":200286,"date":"2020-11-12T11:51:47","date_gmt":"2020-11-12T14:51:47","guid":{"rendered":"https:\/\/www.redenoticia.com.br\/noticia\/?p=200286"},"modified":"2020-11-12T11:51:47","modified_gmt":"2020-11-12T14:51:47","slug":"resumo-o-que-a-vida-me-roubou-13-11-demetrio-mata-adolfo","status":"publish","type":"post","link":"https:\/\/migracao.redenoticia.com.br\/noticia\/2020\/resumo-o-que-a-vida-me-roubou-13-11-demetrio-mata-adolfo\/200286","title":{"rendered":"Resumo \u201cO Que A Vida Me Roubou\u201d 13\/11: Dem\u00e9trio mata Adolfo"},"content":{"rendered":"<p><img loading=\"lazy\" decoding=\"async\" class=\"aligncenter size-full wp-image-195880\" src=\"https:\/\/migracao.redenoticia.com.br\/noticia\/imagens\/o-que-a-vida-me-roubou-resumo-sinopse.jpg\" alt=\"\" width=\"1280\" height=\"720\" srcset=\"https:\/\/migracao.redenoticia.com.br\/noticia\/imagens\/o-que-a-vida-me-roubou-resumo-sinopse.jpg 1280w, https:\/\/migracao.redenoticia.com.br\/noticia\/imagens\/o-que-a-vida-me-roubou-resumo-sinopse-250x140.jpg 250w, https:\/\/migracao.redenoticia.com.br\/noticia\/imagens\/o-que-a-vida-me-roubou-resumo-sinopse-400x225.jpg 400w, https:\/\/migracao.redenoticia.com.br\/noticia\/imagens\/o-que-a-vida-me-roubou-resumo-sinopse-768x432.jpg 768w, https:\/\/migracao.redenoticia.com.br\/noticia\/imagens\/o-que-a-vida-me-roubou-resumo-sinopse-150x85.jpg 150w, https:\/\/migracao.redenoticia.com.br\/noticia\/imagens\/o-que-a-vida-me-roubou-resumo-sinopse-696x392.jpg 696w, https:\/\/migracao.redenoticia.com.br\/noticia\/imagens\/o-que-a-vida-me-roubou-resumo-sinopse-1068x601.jpg 1068w\" sizes=\"auto, (max-width: 1280px) 100vw, 1280px\" \/><\/p>\n<p><strong><em>Resumo da novela \u201cO Que A Vida Me Roubou\u201d<\/em><\/strong> em 13\/11: no cap\u00edtulo 150(*) da novela, Montserrat fica estarrecida com a revela\u00e7\u00e3o e ainda houve de Pedro que Adolfo \u00e9 seu bra\u00e7o direito e o respons\u00e1vel pelos neg\u00f3cios do narcotr\u00e1fico. Montserrat conta a N\u00e1dia o que acaba de descobrir, mas ela se nega a acreditar que seu irm\u00e3o \u00e9 o Escorpi\u00e3o. Montserrat conta tudo para Alessandro e V\u00edtor confirma a verdadeira identidade de Adolfo. Padre Anselmo se nega a realizar o casamento de Adolfo e Josefina. Mac\u00e1rio acusa Erick de roubar o dinheiro que estava guardando para suas f\u00e9rias e o expulsa. N\u00e1dia pergunta a Adolfo se ele \u00e9 o Escorpi\u00e3o e ele confirma. Chocada com a revela\u00e7\u00e3o, N\u00e1dia diz que n\u00e3o permitir\u00e1 que ele se case sem dizer a verdade a Josefina. Dem\u00e9trio fica surpreso quando Montserrat e Alessandro contam que Adolfo \u00e9 o Escorpi\u00e3o. Adolfo confessa para Josefina sua verdadeira identidade. Adolfo pede a Josefina que se case com ele para que possam fugir juntos, mas ela se nega e pede que se entregue para a pol\u00edcia. Ele se nega e o casamento \u00e9 cancelado. Josefina diz a Montserrat que Pedro telefonou para contar que preparou uma armadilha para Adolfo e Dem\u00e9trio. Pedro e Adolfo supostamente v\u00e3o fugir juntos, mas Adolfo \u00e9 tra\u00eddo.<\/p>\n<p>Pedro foge de helic\u00f3ptero deixando Adolfo frente a frente com Dem\u00e9trio. Os dois entram em luta corporal, a arma dispara e Adolfo morre. Mac\u00e1rio convence Erick a ficar e diz que o ama. Ros\u00e1rio abra\u00e7a Dem\u00e9trio. Ele conta que acaba de matar Adolfo e revela que ele era o Escorpi\u00e3o. Jos\u00e9 Lu\u00eds diz a Esmeralda que o Escorpi\u00e3o deixou de ser uma amea\u00e7a para todos. Ela fica perplexa ao saber que Adolfo era o Escorpi\u00e3o, pois ele a consolou pela morte de Renato.<\/p>\n<p>(*) edi\u00e7\u00e3o das novelas do SBT, \u201cO Que A Vida Me Roubou\u201d, sujeito a altera\u00e7\u00e3o de data e conte\u00fado.<\/p>\n<p>Sinopse \u201cO Que A Vida Me Roubou\u201d: A hist\u00f3ria se passa em \u00c1gua Azul, onde Montserrat vive. Montserrat \u00e9 uma bela jovem socialite que sempre foi dominada por sua m\u00e3e Graziela, cuja \u00fanica preocupa\u00e7\u00e3o \u00e9 o seu elevado estatuto na sociedade, mesmo que a fam\u00edlia esteja financeiramente arruinada. Montserrat, apesar de fazer tudo o que sua m\u00e3e diz-lhe, secretamente mant\u00e9m um relacionamento com Jos\u00e9 Luis da marinha, com quem planeja se casar.<\/p>\n","protected":false},"excerpt":{"rendered":"<p>Resumo da novela \u201cO Que A Vida Me Roubou\u201d em 13\/11: no cap\u00edtulo 150(*) da novela, Montserrat fica estarrecida com a revela\u00e7\u00e3o e ainda houve de Pedro que Adolfo \u00e9 seu bra\u00e7o direito e o respons\u00e1vel pelos neg\u00f3cios do narcotr\u00e1fico. Montserrat conta a N\u00e1dia o que acaba de descobrir, mas ela se nega a acreditar [&hellip;]<\/p>\n","protected":false},"author":4,"featured_media":197370,"comment_status":"closed","ping_status":"closed","sticky":false,"template":"","format":"standard","meta":{"tdm_status":"","tdm_grid_status":"","footnotes":""},"categories":[379,2025,372,343],"tags":[441],"class_list":{"0":"post-200286","1":"post","2":"type-post","3":"status-publish","4":"format-standard","5":"has-post-thumbnail","7":"category-novelas","8":"category-resumo","9":"category-sbt","10":"category-televisao","11":"tag-resumo-do-dia"},"_links":{"self":[{"href":"https:\/\/migracao.redenoticia.com.br\/noticia\/wp-json\/wp\/v2\/posts\/200286","targetHints":{"allow":["GET"]}}],"collection":[{"href":"https:\/\/migracao.redenoticia.com.br\/noticia\/wp-json\/wp\/v2\/posts"}],"about":[{"href":"https:\/\/migracao.redenoticia.com.br\/noticia\/wp-json\/wp\/v2\/types\/post"}],"author":[{"embeddable":true,"href":"https:\/\/migracao.redenoticia.com.br\/noticia\/wp-json\/wp\/v2\/users\/4"}],"replies":[{"embeddable":true,"href":"https:\/\/migracao.redenoticia.com.br\/noticia\/wp-json\/wp\/v2\/comments?post=200286"}],"version-history":[{"count":0,"href":"https:\/\/migracao.redenoticia.com.br\/noticia\/wp-json\/wp\/v2\/posts\/200286\/revisions"}],"wp:featuredmedia":[{"embeddable":true,"href":"https:\/\/migracao.redenoticia.com.br\/noticia\/wp-json\/wp\/v2\/media\/197370"}],"wp:attachment":[{"href":"https:\/\/migracao.redenoticia.com.br\/noticia\/wp-json\/wp\/v2\/media?parent=200286"}],"wp:term":[{"taxonomy":"category","embeddable":true,"href":"https:\/\/migracao.redenoticia.com.br\/noticia\/wp-json\/wp\/v2\/categories?post=200286"},{"taxonomy":"post_tag","embeddable":true,"href":"https:\/\/migracao.redenoticia.com.br\/noticia\/wp-json\/wp\/v2\/tags?post=200286"}],"curies":[{"name":"wp","href":"https:\/\/api.w.org\/{rel}","templated":true}]}}