{"id":200291,"date":"2020-11-12T11:54:19","date_gmt":"2020-11-12T14:54:19","guid":{"rendered":"https:\/\/www.redenoticia.com.br\/noticia\/?p=200291"},"modified":"2020-11-12T11:54:19","modified_gmt":"2020-11-12T14:54:19","slug":"resumo-cumplices-de-um-resgate-13-11-augusto-descobre-que-mauricio-parou-os-trabalhos-voluntarios","status":"publish","type":"post","link":"https:\/\/migracao.redenoticia.com.br\/noticia\/2020\/resumo-cumplices-de-um-resgate-13-11-augusto-descobre-que-mauricio-parou-os-trabalhos-voluntarios\/200291","title":{"rendered":"Resumo \u201cC\u00famplices de um Resgate\u201d 13\/11: Augusto descobre que Maur\u00edcio parou os trabalhos volunt\u00e1rios"},"content":{"rendered":"<p><img loading=\"lazy\" decoding=\"async\" class=\"aligncenter size-full wp-image-195896\" src=\"https:\/\/migracao.redenoticia.com.br\/noticia\/imagens\/cumplices-de-um-resgate-resumo-sinopse-elenco.jpg\" alt=\"\" width=\"1280\" height=\"720\" srcset=\"https:\/\/migracao.redenoticia.com.br\/noticia\/imagens\/cumplices-de-um-resgate-resumo-sinopse-elenco.jpg 1280w, https:\/\/migracao.redenoticia.com.br\/noticia\/imagens\/cumplices-de-um-resgate-resumo-sinopse-elenco-250x140.jpg 250w, https:\/\/migracao.redenoticia.com.br\/noticia\/imagens\/cumplices-de-um-resgate-resumo-sinopse-elenco-400x225.jpg 400w, https:\/\/migracao.redenoticia.com.br\/noticia\/imagens\/cumplices-de-um-resgate-resumo-sinopse-elenco-768x432.jpg 768w, https:\/\/migracao.redenoticia.com.br\/noticia\/imagens\/cumplices-de-um-resgate-resumo-sinopse-elenco-150x85.jpg 150w, https:\/\/migracao.redenoticia.com.br\/noticia\/imagens\/cumplices-de-um-resgate-resumo-sinopse-elenco-696x392.jpg 696w, https:\/\/migracao.redenoticia.com.br\/noticia\/imagens\/cumplices-de-um-resgate-resumo-sinopse-elenco-1068x601.jpg 1068w\" sizes=\"auto, (max-width: 1280px) 100vw, 1280px\" \/><\/p>\n<p><strong><em>Resumo da novela \u201cC\u00famplices de um Resgate\u201d em 13\/11<\/em><\/strong>: no cap\u00edtulo 483(*) da novela, Chlo\u00e9 diz que fugiu da m\u00e3e, pois n\u00e3o aguenta mais ser obrigada a fazer coisas que ela n\u00e3o quer. Luiz procura Dourado e Giuseppe e Nico contam que o cavalo est\u00e1 no galinheiro de Fiorina. Luiz revela que ele \u00e9 o dono do haras, ou seja, est\u00e1 tudo tranquilo. Nina fica incomodada que Isabela prefere ir na igreja cat\u00f3lica. Paola vai atr\u00e1s de Ot\u00e1vio na On-Enterprise e diz estar arrependida. Paola chora mais uma vez e implora para que continuem sendo amigos. Ot\u00e1vio se sensibiliza e diz que os dois podem continuar com a amizade. Manuela canta com Maur\u00edcio na igreja evang\u00e9lica e Isabela com o Padre na igreja cat\u00f3lica. Augusto estranha que Maur\u00edcio come\u00e7a o culto pedindo dizimo de maneira exagerada ao inv\u00e9s de pregar primeiramente a palavras. Isabela conversa com Raul para saber como tirar Paola, que na verdade \u00e9 Regina, da mans\u00e3o. Matheus e D\u00f3ris escondem Chlo\u00e9. Frederico e Lurdinha contam para Ot\u00e1vio sobre o que descobriram. Ta\u00edsa se justifica, mas Ot\u00e1vio demite a mulher. Mauricio aparece com um carro novo e diz para Augusto que os d\u00edzimos aumentaram. Augusto descobre que Maur\u00edcio parou todos os trabalhos volunt\u00e1rios da igreja. Dinho est\u00e1 apaixonado por Let\u00edcia. Bira fica enciumado. Isabela e os irm\u00e3os Vaz come\u00e7am um plano para que consigam expulsar Paola da mans\u00e3o. Felipe e Julia quebram coisas da casa e Isabela faz uma vistoria.<\/p>\n<p>(*) edi\u00e7\u00e3o das novelas do SBT, \u201cC\u00famplices de um Resgate\u201d, sujeito a altera\u00e7\u00e3o de data e conte\u00fado.<\/p>\n<p>Sinopse \u201cC\u00famplices de um Resgate\u201d: Duas irm\u00e3s g\u00eameas univitelinas que foram separadas ap\u00f3s nascimento, se reencontram somente ap\u00f3s doze anos. Manuela, uma das g\u00eameas, \u00e9 doce, meiga, gentil, e muito talentosa para a m\u00fasica e tem uma voz encantadora. Vive uma vida feliz no Vilarejo dos Sonhos, onde mora com sua av\u00f3 Nina, sua tia Helena e sua m\u00e3e Rebeca, que d\u00e1 muito amor e carinho a filha por ela nunca ter tido um pai, e ela \u00e9 a m\u00e3e biol\u00f3gica das duas garotas, mas nunca soube que teve g\u00eameas.<\/p>\n","protected":false},"excerpt":{"rendered":"<p>Resumo da novela \u201cC\u00famplices de um Resgate\u201d em 13\/11: no cap\u00edtulo 483(*) da novela, Chlo\u00e9 diz que fugiu da m\u00e3e, pois n\u00e3o aguenta mais ser obrigada a fazer coisas que ela n\u00e3o quer. Luiz procura Dourado e Giuseppe e Nico contam que o cavalo est\u00e1 no galinheiro de Fiorina. Luiz revela que ele \u00e9 o [&hellip;]<\/p>\n","protected":false},"author":4,"featured_media":195895,"comment_status":"closed","ping_status":"closed","sticky":false,"template":"","format":"standard","meta":{"tdm_status":"","tdm_grid_status":"","footnotes":""},"categories":[379,2025,372,343],"tags":[441],"class_list":{"0":"post-200291","1":"post","2":"type-post","3":"status-publish","4":"format-standard","5":"has-post-thumbnail","7":"category-novelas","8":"category-resumo","9":"category-sbt","10":"category-televisao","11":"tag-resumo-do-dia"},"_links":{"self":[{"href":"https:\/\/migracao.redenoticia.com.br\/noticia\/wp-json\/wp\/v2\/posts\/200291","targetHints":{"allow":["GET"]}}],"collection":[{"href":"https:\/\/migracao.redenoticia.com.br\/noticia\/wp-json\/wp\/v2\/posts"}],"about":[{"href":"https:\/\/migracao.redenoticia.com.br\/noticia\/wp-json\/wp\/v2\/types\/post"}],"author":[{"embeddable":true,"href":"https:\/\/migracao.redenoticia.com.br\/noticia\/wp-json\/wp\/v2\/users\/4"}],"replies":[{"embeddable":true,"href":"https:\/\/migracao.redenoticia.com.br\/noticia\/wp-json\/wp\/v2\/comments?post=200291"}],"version-history":[{"count":0,"href":"https:\/\/migracao.redenoticia.com.br\/noticia\/wp-json\/wp\/v2\/posts\/200291\/revisions"}],"wp:featuredmedia":[{"embeddable":true,"href":"https:\/\/migracao.redenoticia.com.br\/noticia\/wp-json\/wp\/v2\/media\/195895"}],"wp:attachment":[{"href":"https:\/\/migracao.redenoticia.com.br\/noticia\/wp-json\/wp\/v2\/media?parent=200291"}],"wp:term":[{"taxonomy":"category","embeddable":true,"href":"https:\/\/migracao.redenoticia.com.br\/noticia\/wp-json\/wp\/v2\/categories?post=200291"},{"taxonomy":"post_tag","embeddable":true,"href":"https:\/\/migracao.redenoticia.com.br\/noticia\/wp-json\/wp\/v2\/tags?post=200291"}],"curies":[{"name":"wp","href":"https:\/\/api.w.org\/{rel}","templated":true}]}}