{"id":200381,"date":"2020-11-15T13:21:46","date_gmt":"2020-11-15T16:21:46","guid":{"rendered":"https:\/\/www.redenoticia.com.br\/noticia\/?p=200381"},"modified":"2020-11-15T13:21:46","modified_gmt":"2020-11-15T16:21:46","slug":"resumo-cumplices-de-um-resgate-16-11-rebeca-pede-para-isabela-perdoar-mauricio","status":"publish","type":"post","link":"https:\/\/migracao.redenoticia.com.br\/noticia\/2020\/resumo-cumplices-de-um-resgate-16-11-rebeca-pede-para-isabela-perdoar-mauricio\/200381","title":{"rendered":"Resumo \u201cC\u00famplices de um Resgate\u201d 16\/11: Rebeca pede para Isabela perdoar Maur\u00edcio"},"content":{"rendered":"<p> <img loading=\"lazy\" decoding=\"async\" class=\"aligncenter size-full wp-image-195896\" src=\"https:\/\/migracao.redenoticia.com.br\/noticia\/imagens\/cumplices-de-um-resgate-resumo-sinopse-elenco.jpg\" alt=\"\" width=\"1280\" height=\"720\" srcset=\"https:\/\/migracao.redenoticia.com.br\/noticia\/imagens\/cumplices-de-um-resgate-resumo-sinopse-elenco.jpg 1280w, https:\/\/migracao.redenoticia.com.br\/noticia\/imagens\/cumplices-de-um-resgate-resumo-sinopse-elenco-250x140.jpg 250w, https:\/\/migracao.redenoticia.com.br\/noticia\/imagens\/cumplices-de-um-resgate-resumo-sinopse-elenco-400x225.jpg 400w, https:\/\/migracao.redenoticia.com.br\/noticia\/imagens\/cumplices-de-um-resgate-resumo-sinopse-elenco-768x432.jpg 768w, https:\/\/migracao.redenoticia.com.br\/noticia\/imagens\/cumplices-de-um-resgate-resumo-sinopse-elenco-150x85.jpg 150w, https:\/\/migracao.redenoticia.com.br\/noticia\/imagens\/cumplices-de-um-resgate-resumo-sinopse-elenco-696x392.jpg 696w, https:\/\/migracao.redenoticia.com.br\/noticia\/imagens\/cumplices-de-um-resgate-resumo-sinopse-elenco-1068x601.jpg 1068w\" sizes=\"auto, (max-width: 1280px) 100vw, 1280px\" \/><\/p>\n<p><strong><em>Resumo da novela \u201cC\u00famplices de um Resgate\u201d em 16\/11<\/em><\/strong>: no cap\u00edtulo 484(*) da novela, Rebeca vai \u00e0 igreja evang\u00e9lica e diz a Maur\u00edcio que vai dar a ele um voto de confian\u00e7a. Priscila mostra a seus av\u00f3s o v\u00eddeo de sua banda que acabou de ser postado na internet. Ao ler os coment\u00e1rios ela fica triste, pois todos os elogios s\u00e3o para Chlo\u00e9, n\u00e3o para ela. Flora comemora junto com seus sobrinhos a primeira venda dos vestidos que ela confeccionou. Maur\u00edcio vai \u00e0 igreja cat\u00f3lica e pede que padre Lutero n\u00e3o incentive Isabela a cantar em sua igreja. Isabela briga com sua irm\u00e3 e sua av\u00f3, pois pensa que foram elas que falaram com o padre. A menina diz que vai continuar frequentando a igreja que quiser. Priscila recebe uma mensagem de um f\u00e3 misterioso e come\u00e7a a conversar com ele. <\/p>\n<p>Rebeca diz a Isabela que perdoou Maur\u00edcio e sugere que ela tamb\u00e9m perdoe. Isabela se recusa. Pedro e Helena comemoram a not\u00edcia de que sua casa ficou pronta. Lurdinha mostra a Fred e Ot\u00e1vio que h\u00e1 uma nova empresa concorrente chamada TG Enterprise. Fred v\u00ea que as roupas est\u00e3o assinadas por Ta\u00edsa e suspeita que ela tenha roubado seus desenhos. Joaquim e Manuela fazem as pazes. O garoto presenteia Manuela com um vestido feito por sua tia. Nair diz a Rebeca e Maur\u00edcio que eles formam um belo casal. Paola diz para Raul que demitiu Alicia, j\u00e1 que a casa estava bagun\u00e7ada. Dinho chega a sua casa com um vaso de Flores que pretende dar para Let\u00edcia. Meire joga um pouco da areia de seu gato no vaso.<\/p>\n<p>(*) edi\u00e7\u00e3o das novelas do SBT, \u201cC\u00famplices de um Resgate\u201d, sujeito a altera\u00e7\u00e3o de data e conte\u00fado.<\/p>\n<p>Sinopse \u201cC\u00famplices de um Resgate\u201d: Duas irm\u00e3s g\u00eameas univitelinas que foram separadas ap\u00f3s nascimento, se reencontram somente ap\u00f3s doze anos. Manuela, uma das g\u00eameas, \u00e9 doce, meiga, gentil, e muito talentosa para a m\u00fasica e tem uma voz encantadora. Vive uma vida feliz no Vilarejo dos Sonhos, onde mora com sua av\u00f3 Nina, sua tia Helena e sua m\u00e3e Rebeca, que d\u00e1 muito amor e carinho a filha por ela nunca ter tido um pai, e ela \u00e9 a m\u00e3e biol\u00f3gica das duas garotas, mas nunca soube que teve g\u00eameas.<\/p>\n","protected":false},"excerpt":{"rendered":"<p>Resumo da novela \u201cC\u00famplices de um Resgate\u201d em 16\/11: no cap\u00edtulo 484(*) da novela, Rebeca vai \u00e0 igreja evang\u00e9lica e diz a Maur\u00edcio que vai dar a ele um voto de confian\u00e7a. Priscila mostra a seus av\u00f3s o v\u00eddeo de sua banda que acabou de ser postado na internet. Ao ler os coment\u00e1rios ela fica [&hellip;]<\/p>\n","protected":false},"author":2,"featured_media":195895,"comment_status":"closed","ping_status":"closed","sticky":false,"template":"","format":"standard","meta":{"tdm_status":"","tdm_grid_status":"","footnotes":""},"categories":[379,2025,372,343],"tags":[441],"class_list":{"0":"post-200381","1":"post","2":"type-post","3":"status-publish","4":"format-standard","5":"has-post-thumbnail","7":"category-novelas","8":"category-resumo","9":"category-sbt","10":"category-televisao","11":"tag-resumo-do-dia"},"_links":{"self":[{"href":"https:\/\/migracao.redenoticia.com.br\/noticia\/wp-json\/wp\/v2\/posts\/200381","targetHints":{"allow":["GET"]}}],"collection":[{"href":"https:\/\/migracao.redenoticia.com.br\/noticia\/wp-json\/wp\/v2\/posts"}],"about":[{"href":"https:\/\/migracao.redenoticia.com.br\/noticia\/wp-json\/wp\/v2\/types\/post"}],"author":[{"embeddable":true,"href":"https:\/\/migracao.redenoticia.com.br\/noticia\/wp-json\/wp\/v2\/users\/2"}],"replies":[{"embeddable":true,"href":"https:\/\/migracao.redenoticia.com.br\/noticia\/wp-json\/wp\/v2\/comments?post=200381"}],"version-history":[{"count":0,"href":"https:\/\/migracao.redenoticia.com.br\/noticia\/wp-json\/wp\/v2\/posts\/200381\/revisions"}],"wp:featuredmedia":[{"embeddable":true,"href":"https:\/\/migracao.redenoticia.com.br\/noticia\/wp-json\/wp\/v2\/media\/195895"}],"wp:attachment":[{"href":"https:\/\/migracao.redenoticia.com.br\/noticia\/wp-json\/wp\/v2\/media?parent=200381"}],"wp:term":[{"taxonomy":"category","embeddable":true,"href":"https:\/\/migracao.redenoticia.com.br\/noticia\/wp-json\/wp\/v2\/categories?post=200381"},{"taxonomy":"post_tag","embeddable":true,"href":"https:\/\/migracao.redenoticia.com.br\/noticia\/wp-json\/wp\/v2\/tags?post=200381"}],"curies":[{"name":"wp","href":"https:\/\/api.w.org\/{rel}","templated":true}]}}