{"id":200422,"date":"2020-11-16T23:28:40","date_gmt":"2020-11-17T02:28:40","guid":{"rendered":"https:\/\/www.redenoticia.com.br\/noticia\/?p=200422"},"modified":"2020-11-16T23:28:40","modified_gmt":"2020-11-17T02:28:40","slug":"resumo-lacos-de-familia-17-11-capitu-e-fred-se-beijam","status":"publish","type":"post","link":"https:\/\/migracao.redenoticia.com.br\/noticia\/2020\/resumo-lacos-de-familia-17-11-capitu-e-fred-se-beijam\/200422","title":{"rendered":"Resumo \u201cLa\u00e7os de Fam\u00edlia\u201d 17\/11: Capitu e Fred se beijam"},"content":{"rendered":"<p> <img loading=\"lazy\" decoding=\"async\" class=\"aligncenter size-full wp-image-197365\" src=\"https:\/\/migracao.redenoticia.com.br\/noticia\/imagens\/lacos-de-familia-resumo-sinopse-elenco-helena-camila-edu.jpg\" alt=\"\" width=\"1280\" height=\"720\" srcset=\"https:\/\/migracao.redenoticia.com.br\/noticia\/imagens\/lacos-de-familia-resumo-sinopse-elenco-helena-camila-edu.jpg 1280w, https:\/\/migracao.redenoticia.com.br\/noticia\/imagens\/lacos-de-familia-resumo-sinopse-elenco-helena-camila-edu-250x140.jpg 250w, https:\/\/migracao.redenoticia.com.br\/noticia\/imagens\/lacos-de-familia-resumo-sinopse-elenco-helena-camila-edu-400x225.jpg 400w, https:\/\/migracao.redenoticia.com.br\/noticia\/imagens\/lacos-de-familia-resumo-sinopse-elenco-helena-camila-edu-768x432.jpg 768w, https:\/\/migracao.redenoticia.com.br\/noticia\/imagens\/lacos-de-familia-resumo-sinopse-elenco-helena-camila-edu-150x85.jpg 150w\" sizes=\"auto, (max-width: 1280px) 100vw, 1280px\" \/><\/p>\n<p><em><strong>Resumo da novela \u201cLa\u00e7os de Fam\u00edlia\u201d<\/strong><\/em> em 17\/11: no cap\u00edtulo 052(*) da novela, Capitu fica um pouco constrangida com a presen\u00e7a de Fred. Helena se recorda das palavras de Alma, que mandou-a sair de cena e deixar Camila tomar conta do palco. Clara se irrita ao telefonar e saber que o marido est\u00e1 na casa da vizinha. Capitu e Fred relembram o passado, veem fotos antigas, falam da primeira vez e acabam trocando um beijo ligeiro. <\/p>\n<p>Danilo faz planos para a viagem a Las Vegas. Edu acha que \u00e9 arma\u00e7\u00e3o de Alma a doen\u00e7a do advogado. Clara mostra os seus ci\u00fames e diz que o gerente est\u00e1 dando em cima dela. Simone tenta reaproximar Capitu de Orlando, que rejeita a ideia. Ant\u00f4nia e Laerte jantam juntos e marcam novo encontro. Estela descobre que o advogado n\u00e3o est\u00e1 doente, mas sim viajando. Laerte abre a porta de sua casa para Ant\u00f4nia.<\/p>\n<p>(*) edi\u00e7\u00e3o das novelas da Globo, \u201cLa\u00e7os de Fam\u00edlia\u201d, sujeito a altera\u00e7\u00e3o de data e conte\u00fado.<\/p>\n<p>Sinopse &#8220;La\u00e7os de Fam\u00edlia&#8221;: Helena (Vera Fischer) est\u00e1 a caminho da praia quando seu carro se choca com o do jovem m\u00e9dico Edu (Reynaldo Gianecchini). De in\u00edcio os dois se estranham, mas depois acabam se envolvendo. O acidente acontece em frente \u00e0 livraria Dom Casmurro, de propriedade de Miguel (Tony Ramos), que se encanta imediatamente por ela. Helena \u00e9 m\u00e3e de Camila (Carolina Dieckmann). Com o tempo, Camila descobre que est\u00e1 apaixonada por Edu e que \u00e9 correspondida.<\/p>\n","protected":false},"excerpt":{"rendered":"<p>Resumo da novela \u201cLa\u00e7os de Fam\u00edlia\u201d em 17\/11: no cap\u00edtulo 052(*) da novela, Capitu fica um pouco constrangida com a presen\u00e7a de Fred. Helena se recorda das palavras de Alma, que mandou-a sair de cena e deixar Camila tomar conta do palco. Clara se irrita ao telefonar e saber que o marido est\u00e1 na casa [&hellip;]<\/p>\n","protected":false},"author":2,"featured_media":197366,"comment_status":"closed","ping_status":"closed","sticky":false,"template":"","format":"standard","meta":{"tdm_status":"","tdm_grid_status":"","footnotes":""},"categories":[2061,379,2025,343],"tags":[441],"class_list":{"0":"post-200422","1":"post","2":"type-post","3":"status-publish","4":"format-standard","5":"has-post-thumbnail","7":"category-lacos-de-familia","8":"category-novelas","9":"category-resumo","10":"category-televisao","11":"tag-resumo-do-dia"},"_links":{"self":[{"href":"https:\/\/migracao.redenoticia.com.br\/noticia\/wp-json\/wp\/v2\/posts\/200422","targetHints":{"allow":["GET"]}}],"collection":[{"href":"https:\/\/migracao.redenoticia.com.br\/noticia\/wp-json\/wp\/v2\/posts"}],"about":[{"href":"https:\/\/migracao.redenoticia.com.br\/noticia\/wp-json\/wp\/v2\/types\/post"}],"author":[{"embeddable":true,"href":"https:\/\/migracao.redenoticia.com.br\/noticia\/wp-json\/wp\/v2\/users\/2"}],"replies":[{"embeddable":true,"href":"https:\/\/migracao.redenoticia.com.br\/noticia\/wp-json\/wp\/v2\/comments?post=200422"}],"version-history":[{"count":0,"href":"https:\/\/migracao.redenoticia.com.br\/noticia\/wp-json\/wp\/v2\/posts\/200422\/revisions"}],"wp:featuredmedia":[{"embeddable":true,"href":"https:\/\/migracao.redenoticia.com.br\/noticia\/wp-json\/wp\/v2\/media\/197366"}],"wp:attachment":[{"href":"https:\/\/migracao.redenoticia.com.br\/noticia\/wp-json\/wp\/v2\/media?parent=200422"}],"wp:term":[{"taxonomy":"category","embeddable":true,"href":"https:\/\/migracao.redenoticia.com.br\/noticia\/wp-json\/wp\/v2\/categories?post=200422"},{"taxonomy":"post_tag","embeddable":true,"href":"https:\/\/migracao.redenoticia.com.br\/noticia\/wp-json\/wp\/v2\/tags?post=200422"}],"curies":[{"name":"wp","href":"https:\/\/api.w.org\/{rel}","templated":true}]}}