{"id":200425,"date":"2020-11-16T23:31:59","date_gmt":"2020-11-17T02:31:59","guid":{"rendered":"https:\/\/www.redenoticia.com.br\/noticia\/?p=200425"},"modified":"2020-11-16T23:31:59","modified_gmt":"2020-11-17T02:31:59","slug":"resumo-o-que-a-vida-me-roubou-17-11-graziela-atira-em-victor","status":"publish","type":"post","link":"https:\/\/migracao.redenoticia.com.br\/noticia\/2020\/resumo-o-que-a-vida-me-roubou-17-11-graziela-atira-em-victor\/200425","title":{"rendered":"Resumo \u201cO Que A Vida Me Roubou\u201d 17\/11: Graziela atira em Victor"},"content":{"rendered":"<p> <img loading=\"lazy\" decoding=\"async\" class=\"aligncenter size-full wp-image-195880\" src=\"https:\/\/migracao.redenoticia.com.br\/noticia\/imagens\/o-que-a-vida-me-roubou-resumo-sinopse.jpg\" alt=\"\" width=\"1280\" height=\"720\" srcset=\"https:\/\/migracao.redenoticia.com.br\/noticia\/imagens\/o-que-a-vida-me-roubou-resumo-sinopse.jpg 1280w, https:\/\/migracao.redenoticia.com.br\/noticia\/imagens\/o-que-a-vida-me-roubou-resumo-sinopse-250x140.jpg 250w, https:\/\/migracao.redenoticia.com.br\/noticia\/imagens\/o-que-a-vida-me-roubou-resumo-sinopse-400x225.jpg 400w, https:\/\/migracao.redenoticia.com.br\/noticia\/imagens\/o-que-a-vida-me-roubou-resumo-sinopse-768x432.jpg 768w, https:\/\/migracao.redenoticia.com.br\/noticia\/imagens\/o-que-a-vida-me-roubou-resumo-sinopse-150x85.jpg 150w, https:\/\/migracao.redenoticia.com.br\/noticia\/imagens\/o-que-a-vida-me-roubou-resumo-sinopse-696x392.jpg 696w, https:\/\/migracao.redenoticia.com.br\/noticia\/imagens\/o-que-a-vida-me-roubou-resumo-sinopse-1068x601.jpg 1068w\" sizes=\"auto, (max-width: 1280px) 100vw, 1280px\" \/><\/p>\n<p><strong><em>Resumo da novela \u201cO Que A Vida Me Roubou\u201d<\/em><\/strong> em 17\/11: no cap\u00edtulo 082(*) da novela, Montserrat reitera seu amor pela m\u00e3e e espera um milagre. Dem\u00e9trio diz a Montserrat que pensou que a morte do Escorpi\u00e3o lhe traria paz, mas n\u00e3o. Montserrat diz a Alessandro que est\u00e1 muito apreensiva porque n\u00e3o recebe not\u00edcias de Pedro Medina e tem muito medo do que ele possa fazer contra eles. Pedro telefona para Montserrat e d\u00e1 instru\u00e7\u00f5es do que deve fazer, caso contr\u00e1rio seus filhos sofrer\u00e3o as consequ\u00eancias. <\/p>\n<p>Dem\u00e9trio diz a Josefina que sabe que o odeia por ter tirado a vida de Adolfo, mas ela compreende que ele cumpriu com seu dever. Pedro marca um encontro com Montserrat e diz que ningu\u00e9m pode saber. Em seguida, telefona para Alessandro para dizer que Montserrat est\u00e1 em seu poder. Depois avisa Jos\u00e9 Luiz que est\u00e1 com Montserrat, portanto ele ter\u00e1 que fazer o que for ordenado.<\/p>\n<p>N\u00e1dia lamenta tudo o que seu irm\u00e3o fez. Padre Anselmo conversa com Mac\u00e1rio e diz que espera que tenha esclarecido todos os mal entendidos com seu filho e que o trate com mais carinho. V\u00edtor avisa Mac\u00e1rio que Alessandro encontrou Kevin ferido e o levou para o hospital. Alessandro, Jos\u00e9 Luiz e Dem\u00e9trio encontram Montserrat quase afogada e tentam reanim\u00e1-la. Pedro e seus c\u00famplices chegam na casa de Alessandro, amarram V\u00edtor e se surpreendem ao ver Graziela de p\u00e9. Pedro leva Vit\u00f3ria e os filhos de Montserrat. Graziela tenta impedi-lo de levar seus netos e \u00e9 agredida. <\/p>\n<p>Pedro ordena a Graziela que mate V\u00edtor. Ela atira em V\u00edtor e culpa Pedro por sua morte. Josefina conta para Dem\u00e9trio que Pedro levou as tr\u00eas crian\u00e7as e ele conta para Alessandro e Jos\u00e9 Luiz. Os capangas de Pedro sequestram Am\u00e9lia para que tome conta das crian\u00e7as. Graziela reza para que V\u00edtor n\u00e3o sobreviva. Esmeralda diz a Jos\u00e9 Luiz que Am\u00e9lia tamb\u00e9m est\u00e1 desaparecida. Dem\u00e9trio n\u00e3o consegue entender como Pedro entrou na casa. V\u00edtor conta que Graziela se levantou e abriu a porta e disparou contra ele para que ningu\u00e9m soubesse que \u00e9 c\u00famplice de Pedro Medina.<\/p>\n<p>(*) edi\u00e7\u00e3o das novelas do SBT, \u201cO Que A Vida Me Roubou\u201d, sujeito a altera\u00e7\u00e3o de data e conte\u00fado.<\/p>\n<p>Sinopse \u201cO Que A Vida Me Roubou\u201d: A hist\u00f3ria se passa em \u00c1gua Azul, onde Montserrat vive. Montserrat \u00e9 uma bela jovem socialite que sempre foi dominada por sua m\u00e3e Graziela, cuja \u00fanica preocupa\u00e7\u00e3o \u00e9 o seu elevado estatuto na sociedade, mesmo que a fam\u00edlia esteja financeiramente arruinada. Montserrat, apesar de fazer tudo o que sua m\u00e3e diz-lhe, secretamente mant\u00e9m um relacionamento com Jos\u00e9 Luis da marinha, com quem planeja se casar.<\/p>\n","protected":false},"excerpt":{"rendered":"<p>Resumo da novela \u201cO Que A Vida Me Roubou\u201d em 17\/11: no cap\u00edtulo 082(*) da novela, Montserrat reitera seu amor pela m\u00e3e e espera um milagre. Dem\u00e9trio diz a Montserrat que pensou que a morte do Escorpi\u00e3o lhe traria paz, mas n\u00e3o. Montserrat diz a Alessandro que est\u00e1 muito apreensiva porque n\u00e3o recebe not\u00edcias de [&hellip;]<\/p>\n","protected":false},"author":2,"featured_media":197370,"comment_status":"closed","ping_status":"closed","sticky":false,"template":"","format":"standard","meta":{"tdm_status":"","tdm_grid_status":"","footnotes":""},"categories":[379,2025,372,343],"tags":[441],"class_list":{"0":"post-200425","1":"post","2":"type-post","3":"status-publish","4":"format-standard","5":"has-post-thumbnail","7":"category-novelas","8":"category-resumo","9":"category-sbt","10":"category-televisao","11":"tag-resumo-do-dia"},"_links":{"self":[{"href":"https:\/\/migracao.redenoticia.com.br\/noticia\/wp-json\/wp\/v2\/posts\/200425","targetHints":{"allow":["GET"]}}],"collection":[{"href":"https:\/\/migracao.redenoticia.com.br\/noticia\/wp-json\/wp\/v2\/posts"}],"about":[{"href":"https:\/\/migracao.redenoticia.com.br\/noticia\/wp-json\/wp\/v2\/types\/post"}],"author":[{"embeddable":true,"href":"https:\/\/migracao.redenoticia.com.br\/noticia\/wp-json\/wp\/v2\/users\/2"}],"replies":[{"embeddable":true,"href":"https:\/\/migracao.redenoticia.com.br\/noticia\/wp-json\/wp\/v2\/comments?post=200425"}],"version-history":[{"count":0,"href":"https:\/\/migracao.redenoticia.com.br\/noticia\/wp-json\/wp\/v2\/posts\/200425\/revisions"}],"wp:featuredmedia":[{"embeddable":true,"href":"https:\/\/migracao.redenoticia.com.br\/noticia\/wp-json\/wp\/v2\/media\/197370"}],"wp:attachment":[{"href":"https:\/\/migracao.redenoticia.com.br\/noticia\/wp-json\/wp\/v2\/media?parent=200425"}],"wp:term":[{"taxonomy":"category","embeddable":true,"href":"https:\/\/migracao.redenoticia.com.br\/noticia\/wp-json\/wp\/v2\/categories?post=200425"},{"taxonomy":"post_tag","embeddable":true,"href":"https:\/\/migracao.redenoticia.com.br\/noticia\/wp-json\/wp\/v2\/tags?post=200425"}],"curies":[{"name":"wp","href":"https:\/\/api.w.org\/{rel}","templated":true}]}}