{"id":200461,"date":"2020-11-17T12:18:52","date_gmt":"2020-11-17T15:18:52","guid":{"rendered":"https:\/\/www.redenoticia.com.br\/noticia\/?p=200461"},"modified":"2020-11-17T12:18:52","modified_gmt":"2020-11-17T15:18:52","slug":"resumo-quando-me-apaixono-18-11-regina-descobre-que-josy-e-fina-monterrubio","status":"publish","type":"post","link":"https:\/\/migracao.redenoticia.com.br\/noticia\/2020\/resumo-quando-me-apaixono-18-11-regina-descobre-que-josy-e-fina-monterrubio\/200461","title":{"rendered":"Resumo \u201cQuando me Apaixono\u201d 18\/11: Regina descobre que Josy \u00e9 Fina Monterrubio"},"content":{"rendered":"<p><img loading=\"lazy\" decoding=\"async\" class=\"aligncenter size-full wp-image-195889\" src=\"https:\/\/migracao.redenoticia.com.br\/noticia\/imagens\/quando-me-apaixono-elenco.jpg\" alt=\"\" width=\"1280\" height=\"720\" srcset=\"https:\/\/migracao.redenoticia.com.br\/noticia\/imagens\/quando-me-apaixono-elenco.jpg 1280w, https:\/\/migracao.redenoticia.com.br\/noticia\/imagens\/quando-me-apaixono-elenco-250x140.jpg 250w, https:\/\/migracao.redenoticia.com.br\/noticia\/imagens\/quando-me-apaixono-elenco-400x225.jpg 400w, https:\/\/migracao.redenoticia.com.br\/noticia\/imagens\/quando-me-apaixono-elenco-768x432.jpg 768w, https:\/\/migracao.redenoticia.com.br\/noticia\/imagens\/quando-me-apaixono-elenco-150x85.jpg 150w, https:\/\/migracao.redenoticia.com.br\/noticia\/imagens\/quando-me-apaixono-elenco-696x392.jpg 696w, https:\/\/migracao.redenoticia.com.br\/noticia\/imagens\/quando-me-apaixono-elenco-1068x601.jpg 1068w\" sizes=\"auto, (max-width: 1280px) 100vw, 1280px\" \/><\/p>\n<p><strong><em>Resumo da novela \u201cQuando me Apaixono\u201d<\/em><\/strong> em 18\/11: no cap\u00edtulo 088(*) da novela, L\u00e1zaro pergunta a Jer\u00f4nimo por que ele n\u00e3o contou a verdade antes dele ficar noivo. Jer\u00f4nimo tenta explicar que precisa manter o Dr. Neves seguro e prender Augusto. Karina diz a amiga que finalmente ter\u00e1 uma fam\u00edlia com L\u00e1zaro. Jer\u00f4nimo diz a L\u00e1zaro que n\u00e3o achava que eles se casariam t\u00e3o cedo. Augusto fica furioso com as vinhas mortas. Os trabalhadores gritam com Carlos para ajudar Alzira, ele manda algu\u00e9m buscar Ezequiel. L\u00e1zaro implora que Jer\u00f4nimo n\u00e3o conte a Karina sobre o Dr. Neves. Matilde informa Jer\u00f4nimo sobre Alzira. Renata chega ao trabalho e avisa que Jer\u00f4nimo n\u00e3o cobrou juros. Roberta recebe um advogado, que diz a ela que Matias conseguiu o div\u00f3rcio. Regina pega um t\u00e1xi. Constan\u00e7a chega em casa. Hon\u00f3rio tenta fazer com que ela se sinta melhor.<\/p>\n<p>Alzira recebe orienta\u00e7\u00e3o para se cuidar e descansar bastante. L\u00e1zaro chora. Manuela diz a Karina para n\u00e3o se preocupar com o que o Padre disse. Ezequiel recebe aviso que algo est\u00e1 errado com Alzira. Padre v\u00ea Jer\u00f4nimo e Marina se beijando e n\u00e3o fica feliz. Renata diz a Adriana que Matias tem o direito de ficar com raiva e que ela precisa tomar uma decis\u00e3o o mais r\u00e1pido poss\u00edvel. Regina se encontra Josi e exige que ela diga onde est\u00e1 sua filha, Fina lhe entrega uma foto e Regina v\u00ea a fam\u00edlia Monterrubio. Josi tem o prazer de dizer que ela \u00e9 Fina Monterrubio. Padre se recusa a permitir que Marina viva com Jer\u00f4nimo em pecado.<\/p>\n<p>(*) edi\u00e7\u00e3o das novelas do SBT, \u201cQuando me Apaixono \u201d, sujeito a altera\u00e7\u00e3o de data e conte\u00fado.<\/p>\n<p>Sinopse \u201cQuando me Apaixono\u201d: A hist\u00f3ria come\u00e7a com o nascimento de duas meninas, Regina e Roberta; ambas s\u00e3o filhas de Roberto Gamba (Sebasti\u00e1n Rulli), mas de m\u00e3es diferentes. Enquanto Regina \u00e9 filha de Regina Sober\u00f3n Gamba (Lidia \u00c1vila\/Julieta Rosen), a esposa leg\u00edtima de Roberto, Roberta \u00e9 filha de Josefina &#8220;Pepa&#8221; \u00c1lvarez Mart\u00ednez (Margarita Maga\u00f1a\/Roc\u00edo Banquells), a amante de Roberto.<\/p>\n<p>Quando Roberto diz a Pepa que n\u00e3o vai deixar sua esposa e sua filha Regina, aquela, cheia de raiva depois de causar a morte de Roberto, decide raptar a filha de Regina para se vingar dela e faz\u00ea-la sofrer. Pepa muda o nome de Regina para Renata e foge com as duas meninas, deixando Regina despeda\u00e7ada pela perda de sua filha.<\/p>\n","protected":false},"excerpt":{"rendered":"<p>Resumo da novela \u201cQuando me Apaixono\u201d em 18\/11: no cap\u00edtulo 088(*) da novela, L\u00e1zaro pergunta a Jer\u00f4nimo por que ele n\u00e3o contou a verdade antes dele ficar noivo. Jer\u00f4nimo tenta explicar que precisa manter o Dr. Neves seguro e prender Augusto. Karina diz a amiga que finalmente ter\u00e1 uma fam\u00edlia com L\u00e1zaro. Jer\u00f4nimo diz a [&hellip;]<\/p>\n","protected":false},"author":4,"featured_media":195893,"comment_status":"closed","ping_status":"closed","sticky":false,"template":"","format":"standard","meta":{"tdm_status":"","tdm_grid_status":"","footnotes":""},"categories":[379,2028,2025,372,343],"tags":[441],"class_list":{"0":"post-200461","1":"post","2":"type-post","3":"status-publish","4":"format-standard","5":"has-post-thumbnail","7":"category-novelas","8":"category-quando-me-apaixono","9":"category-resumo","10":"category-sbt","11":"category-televisao","12":"tag-resumo-do-dia"},"_links":{"self":[{"href":"https:\/\/migracao.redenoticia.com.br\/noticia\/wp-json\/wp\/v2\/posts\/200461","targetHints":{"allow":["GET"]}}],"collection":[{"href":"https:\/\/migracao.redenoticia.com.br\/noticia\/wp-json\/wp\/v2\/posts"}],"about":[{"href":"https:\/\/migracao.redenoticia.com.br\/noticia\/wp-json\/wp\/v2\/types\/post"}],"author":[{"embeddable":true,"href":"https:\/\/migracao.redenoticia.com.br\/noticia\/wp-json\/wp\/v2\/users\/4"}],"replies":[{"embeddable":true,"href":"https:\/\/migracao.redenoticia.com.br\/noticia\/wp-json\/wp\/v2\/comments?post=200461"}],"version-history":[{"count":0,"href":"https:\/\/migracao.redenoticia.com.br\/noticia\/wp-json\/wp\/v2\/posts\/200461\/revisions"}],"wp:featuredmedia":[{"embeddable":true,"href":"https:\/\/migracao.redenoticia.com.br\/noticia\/wp-json\/wp\/v2\/media\/195893"}],"wp:attachment":[{"href":"https:\/\/migracao.redenoticia.com.br\/noticia\/wp-json\/wp\/v2\/media?parent=200461"}],"wp:term":[{"taxonomy":"category","embeddable":true,"href":"https:\/\/migracao.redenoticia.com.br\/noticia\/wp-json\/wp\/v2\/categories?post=200461"},{"taxonomy":"post_tag","embeddable":true,"href":"https:\/\/migracao.redenoticia.com.br\/noticia\/wp-json\/wp\/v2\/tags?post=200461"}],"curies":[{"name":"wp","href":"https:\/\/api.w.org\/{rel}","templated":true}]}}