{"id":2006,"date":"2009-05-25T22:30:51","date_gmt":"2009-05-26T02:30:51","guid":{"rendered":"http:\/\/www.redenoticia.com.br\/noticia\/?p=2006"},"modified":"2009-05-25T18:43:26","modified_gmt":"2009-05-25T22:43:26","slug":"vereadores-de-ji-parana-terao-que-votar-tres-projetos-nesta-terca","status":"publish","type":"post","link":"https:\/\/migracao.redenoticia.com.br\/noticia\/2009\/vereadores-de-ji-parana-terao-que-votar-tres-projetos-nesta-terca\/2006","title":{"rendered":"Vereadores de Ji-Paran\u00e1 ter\u00e3o que votar tr\u00eas projetos nesta ter\u00e7a"},"content":{"rendered":"<p class=\"MsoNormal\" style=\"line-height: 15.6pt;\"><span style=\"font-size: 9pt; font-family: Arial; color: #333333;\">Est\u00e1 agendada para esta ter\u00e7a (26), \u00e0s 09h00, mais uma sess\u00e3o para discuss\u00e3o e vota\u00e7\u00e3o de projetos na C\u00e2mara de Vereadores de Ji-Paran\u00e1. <\/span><\/p>\n<p class=\"MsoNormal\" style=\"line-height: 15.6pt;\"><span style=\"font-size: 9pt; font-family: Arial; color: #333333;\"> Na pauta consta:<\/span><\/p>\n<p class=\"MsoNormal\" style=\"margin-left: 36pt; text-indent: -18pt; line-height: 15.6pt;\"><!--[if !supportLists]--><span style=\"font-size: 9pt; font-family: Symbol; color: #333333;\"> <span>\u00b7<span style=\"font-family: &quot;Times New Roman&quot;; font-style: normal; font-variant: normal; font-weight: normal; font-size: 7pt; line-height: normal; font-size-adjust: none; font-stretch: normal;\"> <\/span><\/span><\/span><!--[endif]--><span style=\"font-size: 9pt; font-family: Arial; color: #333333;\">Para primeira discuss\u00e3o e vota\u00e7\u00e3o est\u00e1 o projeto 2305, que autoriza o poder executivo a celebrar conv\u00eanio com a UNIJIPA para repasse de recursos financeiros;<\/span><\/p>\n<p class=\"MsoNormal\" style=\"margin-left: 36pt; text-indent: -18pt; line-height: 15.6pt;\"><!--[if !supportLists]--><span style=\"font-size: 9pt; font-family: Symbol; color: #333333;\"><span>\u00b7<span style=\"font-family: &quot;Times New Roman&quot;; font-style: normal; font-variant: normal; font-weight: normal; font-size: 7pt; line-height: normal; font-size-adjust: none; font-stretch: normal;\"> <\/span><\/span><\/span><!--[endif]--><span style=\"font-size: 9pt; font-family: Arial; color: #333333;\">Para primeira discuss\u00e3o e vota\u00e7\u00e3o est\u00e1 o projeto 2310, que prorroga prazo para doa\u00e7\u00e3o de terreno para o SENAI;<\/span><\/p>\n<p class=\"MsoNormal\" style=\"margin-left: 36pt; text-indent: -18pt; line-height: 15.6pt;\"><!--[if !supportLists]--><span style=\"font-size: 9pt; font-family: Symbol; color: #333333;\"><span>\u00b7<span style=\"font-family: &quot;Times New Roman&quot;; font-style: normal; font-variant: normal; font-weight: normal; font-size: 7pt; line-height: normal; font-size-adjust: none; font-stretch: normal;\"> <\/span><\/span><\/span><!--[endif]--><span style=\"font-size: 9pt; font-family: Arial; color: #333333;\">Para segunda discuss\u00e3o e vota\u00e7\u00e3o o projeto de lei 2302, que autoriza o poder executivo a doar terreno para o DETRAN Rond\u00f4nia.<\/span><\/p>\n","protected":false},"excerpt":{"rendered":"<p>Est\u00e1 agendada para esta ter\u00e7a (26), \u00e0s 09h00, mais uma sess\u00e3o para discuss\u00e3o e vota\u00e7\u00e3o de projetos na C\u00e2mara de Vereadores de Ji-Paran\u00e1. Na pauta consta: \u00b7 Para primeira discuss\u00e3o e vota\u00e7\u00e3o est\u00e1 o projeto 2305, que autoriza o poder executivo a celebrar conv\u00eanio com a UNIJIPA para repasse de recursos financeiros; \u00b7 Para primeira [&hellip;]<\/p>\n","protected":false},"author":3,"featured_media":0,"comment_status":"open","ping_status":"open","sticky":false,"template":"","format":"standard","meta":{"tdm_status":"","tdm_grid_status":"","footnotes":""},"categories":[22],"tags":[],"class_list":{"0":"post-2006","1":"post","2":"type-post","3":"status-publish","4":"format-standard","6":"category-brasil"},"_links":{"self":[{"href":"https:\/\/migracao.redenoticia.com.br\/noticia\/wp-json\/wp\/v2\/posts\/2006","targetHints":{"allow":["GET"]}}],"collection":[{"href":"https:\/\/migracao.redenoticia.com.br\/noticia\/wp-json\/wp\/v2\/posts"}],"about":[{"href":"https:\/\/migracao.redenoticia.com.br\/noticia\/wp-json\/wp\/v2\/types\/post"}],"author":[{"embeddable":true,"href":"https:\/\/migracao.redenoticia.com.br\/noticia\/wp-json\/wp\/v2\/users\/3"}],"replies":[{"embeddable":true,"href":"https:\/\/migracao.redenoticia.com.br\/noticia\/wp-json\/wp\/v2\/comments?post=2006"}],"version-history":[{"count":0,"href":"https:\/\/migracao.redenoticia.com.br\/noticia\/wp-json\/wp\/v2\/posts\/2006\/revisions"}],"wp:attachment":[{"href":"https:\/\/migracao.redenoticia.com.br\/noticia\/wp-json\/wp\/v2\/media?parent=2006"}],"wp:term":[{"taxonomy":"category","embeddable":true,"href":"https:\/\/migracao.redenoticia.com.br\/noticia\/wp-json\/wp\/v2\/categories?post=2006"},{"taxonomy":"post_tag","embeddable":true,"href":"https:\/\/migracao.redenoticia.com.br\/noticia\/wp-json\/wp\/v2\/tags?post=2006"}],"curies":[{"name":"wp","href":"https:\/\/api.w.org\/{rel}","templated":true}]}}