{"id":200640,"date":"2020-11-21T18:23:12","date_gmt":"2020-11-21T21:23:12","guid":{"rendered":"https:\/\/www.redenoticia.com.br\/noticia\/?p=200640"},"modified":"2020-11-21T18:23:12","modified_gmt":"2020-11-21T21:23:12","slug":"resumo-a-forca-do-querer-23-11-yuri-desabafa-com-criminoso","status":"publish","type":"post","link":"https:\/\/migracao.redenoticia.com.br\/noticia\/2020\/resumo-a-forca-do-querer-23-11-yuri-desabafa-com-criminoso\/200640","title":{"rendered":"Resumo &#8220;A For\u00e7a do Querer&#8221; 23\/11: Yuri desabafa com criminoso"},"content":{"rendered":"<p> <img loading=\"lazy\" decoding=\"async\" class=\"aligncenter size-full wp-image-195899\" src=\"https:\/\/migracao.redenoticia.com.br\/noticia\/imagens\/a-forca-do-querer-resumo-sinopse.jpg\" alt=\"\" width=\"1280\" height=\"720\" srcset=\"https:\/\/migracao.redenoticia.com.br\/noticia\/imagens\/a-forca-do-querer-resumo-sinopse.jpg 1280w, https:\/\/migracao.redenoticia.com.br\/noticia\/imagens\/a-forca-do-querer-resumo-sinopse-250x140.jpg 250w, https:\/\/migracao.redenoticia.com.br\/noticia\/imagens\/a-forca-do-querer-resumo-sinopse-400x225.jpg 400w, https:\/\/migracao.redenoticia.com.br\/noticia\/imagens\/a-forca-do-querer-resumo-sinopse-768x432.jpg 768w, https:\/\/migracao.redenoticia.com.br\/noticia\/imagens\/a-forca-do-querer-resumo-sinopse-150x85.jpg 150w, https:\/\/migracao.redenoticia.com.br\/noticia\/imagens\/a-forca-do-querer-resumo-sinopse-696x392.jpg 696w, https:\/\/migracao.redenoticia.com.br\/noticia\/imagens\/a-forca-do-querer-resumo-sinopse-1068x601.jpg 1068w\" sizes=\"auto, (max-width: 1280px) 100vw, 1280px\" \/><\/p>\n<p><em><strong>Resumo da novela \u201cA For\u00e7a do Querer\u201d<\/strong><\/em> em 23\/11: no cap\u00edtulo 055(*) da novela, Caio orienta Bibi a se afastar de Jeiza. Jeiza se irrita com Edinalva por ter convidado Ruy e Ritinha para sua luta. Yuri desabafa com uma pessoa na internet, sem saber de que se trata de um criminoso. Heleninha comenta com Silvana sobre seu constrangimento com Bibi. Ded\u00e9 sofre com as afirma\u00e7\u00f5es sobre seu pai, e Aurora aconselha Bibi. Mira desconfia de que Irene esteja realmente envolvida com Eug\u00eanio. <\/p>\n<p>Ivana sofre com as expectativas de Cl\u00e1udio sobre seu comportamento. Dantas comenta com Eurico que a pol\u00edcia acredita que a respons\u00e1vel pelo inc\u00eandio no restaurante seja uma mulher. Ritinha se incomoda por n\u00e3o poder ir \u00e0 luta de Jeiza. Cibele recebe a notifica\u00e7\u00e3o do juiz para se manter longe de Ruy. Ruy flagra Eug\u00eanio deixando o apartamento de Irene.<\/p>\n<p>(*) edi\u00e7\u00e3o das novelas da Globo, \u201cA For\u00e7a do Querer\u201d, sujeito a altera\u00e7\u00e3o de data e conte\u00fado.<\/p>\n<p>Sinopse \u201cA For\u00e7a do Querer\u201d: esta \u00e9 a hist\u00f3ria de Rita (Isis Valverde), uma jovem apaixonada por si mesmo e que adora sentir o fasc\u00ednio que exerce sobre os homens &#8211; assim como as sereias. Zeca (Marco Pigossi) \u00e9 caminhoneiro rude, passional e com um cora\u00e7\u00e3o enorme. Trabalhador, nunca se deixou levar pelos coment\u00e1rios maldosos sobre a personalidade de Rita. Apaixonado pela gata, fica arrasado ao saber de seu envolvimento com Ruy. Orgulhoso, se muda para o Rio de Janeiro para recome\u00e7ar a vida e se aproxima de Jeiza. Ruy (Fiuk) \u00e9 o filho de Eug\u00eanio e Joyce. Est\u00e1 sendo treinado para substituir o pai na empresa da fam\u00edlia. Noivo de Cibele, se encanta por Rita durante uma viagem ao Par\u00e1. <\/p>\n","protected":false},"excerpt":{"rendered":"<p>Resumo da novela \u201cA For\u00e7a do Querer\u201d em 23\/11: no cap\u00edtulo 055(*) da novela, Caio orienta Bibi a se afastar de Jeiza. Jeiza se irrita com Edinalva por ter convidado Ruy e Ritinha para sua luta. Yuri desabafa com uma pessoa na internet, sem saber de que se trata de um criminoso. Heleninha comenta com [&hellip;]<\/p>\n","protected":false},"author":2,"featured_media":195901,"comment_status":"closed","ping_status":"closed","sticky":false,"template":"","format":"standard","meta":{"tdm_status":"","tdm_grid_status":"","footnotes":""},"categories":[2027,379,375,2025,343],"tags":[441],"class_list":{"0":"post-200640","1":"post","2":"type-post","3":"status-publish","4":"format-standard","5":"has-post-thumbnail","7":"category-a-forca-do-querer","8":"category-novelas","9":"category-rede-globo","10":"category-resumo","11":"category-televisao","12":"tag-resumo-do-dia"},"_links":{"self":[{"href":"https:\/\/migracao.redenoticia.com.br\/noticia\/wp-json\/wp\/v2\/posts\/200640","targetHints":{"allow":["GET"]}}],"collection":[{"href":"https:\/\/migracao.redenoticia.com.br\/noticia\/wp-json\/wp\/v2\/posts"}],"about":[{"href":"https:\/\/migracao.redenoticia.com.br\/noticia\/wp-json\/wp\/v2\/types\/post"}],"author":[{"embeddable":true,"href":"https:\/\/migracao.redenoticia.com.br\/noticia\/wp-json\/wp\/v2\/users\/2"}],"replies":[{"embeddable":true,"href":"https:\/\/migracao.redenoticia.com.br\/noticia\/wp-json\/wp\/v2\/comments?post=200640"}],"version-history":[{"count":0,"href":"https:\/\/migracao.redenoticia.com.br\/noticia\/wp-json\/wp\/v2\/posts\/200640\/revisions"}],"wp:featuredmedia":[{"embeddable":true,"href":"https:\/\/migracao.redenoticia.com.br\/noticia\/wp-json\/wp\/v2\/media\/195901"}],"wp:attachment":[{"href":"https:\/\/migracao.redenoticia.com.br\/noticia\/wp-json\/wp\/v2\/media?parent=200640"}],"wp:term":[{"taxonomy":"category","embeddable":true,"href":"https:\/\/migracao.redenoticia.com.br\/noticia\/wp-json\/wp\/v2\/categories?post=200640"},{"taxonomy":"post_tag","embeddable":true,"href":"https:\/\/migracao.redenoticia.com.br\/noticia\/wp-json\/wp\/v2\/tags?post=200640"}],"curies":[{"name":"wp","href":"https:\/\/api.w.org\/{rel}","templated":true}]}}